{"id":38272,"date":"2024-02-20T14:53:36","date_gmt":"2024-02-20T13:53:36","guid":{"rendered":"https:\/\/fk2kn2bvmtl.preview.infomaniak.website\/?p=38272"},"modified":"2024-02-20T15:11:11","modified_gmt":"2024-02-20T14:11:11","slug":"03-03-2024-grosses-lotto-von-cerebral-wallis","status":"publish","type":"post","link":"https:\/\/cerebral-vs.ch\/de\/03-03-2024-grosses-lotto-von-cerebral-wallis\/","title":{"rendered":"03 M\u00e4rz 2024 &#8211; Grosses Lotto von Cerebral Wallis"},"content":{"rendered":"\t\t<div data-elementor-type=\"wp-post\" data-elementor-id=\"38272\" class=\"elementor elementor-38272\">\n\t\t\t\t\t\t<section class=\"elementor-section elementor-top-section elementor-element elementor-element-194062a4 elementor-section-boxed elementor-section-height-default elementor-section-height-default sc_fly_static\" data-id=\"194062a4\" data-element_type=\"section\" data-e-type=\"section\">\n\t\t\t\t\t\t<div class=\"elementor-container elementor-column-gap-extended\">\n\t\t\t\t\t<div class=\"elementor-column elementor-col-100 elementor-top-column elementor-element elementor-element-72e7490b sc_content_align_inherit sc_layouts_column_icons_position_left sc_fly_static\" data-id=\"72e7490b\" data-element_type=\"column\" data-e-type=\"column\">\n\t\t\t<div class=\"elementor-widget-wrap elementor-element-populated\">\n\t\t\t\t\t\t<div class=\"elementor-element elementor-element-7aab6f72 sc_fly_static elementor-widget elementor-widget-text-editor\" data-id=\"7aab6f72\" data-element_type=\"widget\" data-e-type=\"widget\" data-widget_type=\"text-editor.default\">\n\t\t\t\t<div class=\"elementor-widget-container\">\n\t\t\t\t\t\t\t\t\t<h3>Lotto von Cerebral Wallis<\/h3><h3>Auf die Agenda !!<\/h3><p><span style=\"font-size: 15.3333px; color: #000000; background-color: var(--theme-color-bg_color); letter-spacing: 0.1px;\">Unser n\u00e4chstes Lotto findet am Sonntag, <span style=\"text-decoration: underline;\"><strong>3. M\u00e4rz 2024 um 16.00<\/strong><\/span> Uhr in der Salle du Sacr\u00e9-C\u0153ur in Sitten statt. Die T\u00fcren werden um 14.45 Uhr ge\u00f6ffnet.<\/span><\/p><p><span style=\"color: #000000; font-family: Century Gothic, sans-serif;\"><span style=\"font-size: 15.3333px;\">\u00a0Wir sind auf Ihre Hilfe angewiesen, um unsere Aktivit\u00e4ten fortsetzen zu k\u00f6nnen.\u00a0 Sie unterst\u00fctzen nicht nur die Sache, sondern es warten auch tolle Preise auf Sie.\u00a0<\/span><\/span><\/p><p><span style=\"color: #000000; font-family: Century Gothic, sans-serif;\"><span style=\"font-size: 15.3333px;\">\u00a0Vielen Dank im Voraus f\u00fcr Ihre Unterst\u00fctzung&#8230; und wir freuen uns darauf, Sie zahlreich wiederzusehen.<\/span><\/span><\/p>\t\t\t\t\t\t\t\t<\/div>\n\t\t\t\t<\/div>\n\t\t\t\t\t<\/div>\n\t\t<\/div>\n\t\t\t\t\t<\/div>\n\t\t<\/section>\n\t\t\t\t<section class=\"elementor-section elementor-top-section elementor-element elementor-element-3c421ff elementor-section-boxed elementor-section-height-default elementor-section-height-default sc_fly_static\" data-id=\"3c421ff\" data-element_type=\"section\" data-e-type=\"section\">\n\t\t\t\t\t\t<div class=\"elementor-container elementor-column-gap-extended\">\n\t\t\t\t\t<div class=\"elementor-column elementor-col-100 elementor-top-column elementor-element elementor-element-8b63fe2 sc_content_align_inherit sc_layouts_column_icons_position_left sc_fly_static\" data-id=\"8b63fe2\" data-element_type=\"column\" data-e-type=\"column\">\n\t\t\t<div class=\"elementor-widget-wrap\">\n\t\t\t\t\t\t\t<\/div>\n\t\t<\/div>\n\t\t\t\t\t<\/div>\n\t\t<\/section>\n\t\t\t\t<section class=\"elementor-section elementor-top-section elementor-element elementor-element-2f0ec43 elementor-section-boxed elementor-section-height-default elementor-section-height-default sc_fly_static\" data-id=\"2f0ec43\" data-element_type=\"section\" data-e-type=\"section\">\n\t\t\t\t\t\t<div class=\"elementor-container elementor-column-gap-extended\">\n\t\t\t\t\t<div class=\"elementor-column elementor-col-100 elementor-top-column elementor-element elementor-element-7da9d1e sc_content_align_inherit sc_layouts_column_icons_position_left sc_fly_static\" data-id=\"7da9d1e\" data-element_type=\"column\" data-e-type=\"column\">\n\t\t\t<div class=\"elementor-widget-wrap elementor-element-populated\">\n\t\t\t\t\t\t<div class=\"elementor-element elementor-element-893109b sc_fly_static elementor-widget elementor-widget-image\" data-id=\"893109b\" data-element_type=\"widget\" data-e-type=\"widget\" data-widget_type=\"image.default\">\n\t\t\t\t<div class=\"elementor-widget-container\">\n\t\t\t\t\t\t\t\t\t\t\t\t\t\t\t<img fetchpriority=\"high\" decoding=\"async\" width=\"556\" height=\"778\" src=\"https:\/\/cerebral-vs.ch\/wp-content\/uploads\/2024\/02\/Capture-1.jpg\" class=\"attachment-large size-large wp-image-38259\" alt=\"\" srcset=\"https:\/\/cerebral-vs.ch\/wp-content\/uploads\/2024\/02\/Capture-1.jpg 556w, https:\/\/cerebral-vs.ch\/wp-content\/uploads\/2024\/02\/Capture-1-214x300.jpg 214w, https:\/\/cerebral-vs.ch\/wp-content\/uploads\/2024\/02\/Capture-1-370x518.jpg 370w, https:\/\/cerebral-vs.ch\/wp-content\/uploads\/2024\/02\/Capture-1-410x574.jpg 410w\" sizes=\"(max-width: 600px) 100vw, 556px\" \/>\t\t\t\t\t\t\t\t\t\t\t\t\t\t\t<\/div>\n\t\t\t\t<\/div>\n\t\t\t\t\t<\/div>\n\t\t<\/div>\n\t\t\t\t\t<\/div>\n\t\t<\/section>\n\t\t\t\t<\/div>\n\t\t","protected":false},"excerpt":{"rendered":"<p>Lotto von Cerebral Wallis Auf die Agenda !! Unser n\u00e4chstes Lotto findet am Sonntag, 3.&hellip;<\/p>\n","protected":false},"author":2,"featured_media":38254,"comment_status":"closed","ping_status":"closed","sticky":false,"template":"","format":"standard","meta":{"inline_featured_image":false,"footnotes":""},"categories":[224],"tags":[],"class_list":["post-38272","post","type-post","status-publish","format-standard","has-post-thumbnail","hentry","category-evenements-2-de"],"yoast_head":"<!-- This site is optimized with the Yoast SEO plugin v27.5 - https:\/\/yoast.com\/product\/yoast-seo-wordpress\/ -->\n<title>03 M\u00e4rz 2024 - Grosses Lotto von Cerebral Wallis - Cerebral Valais<\/title>\n<meta name=\"robots\" content=\"index, follow, max-snippet:-1, max-image-preview:large, max-video-preview:-1\" \/>\n<link rel=\"canonical\" href=\"https:\/\/cerebral-vs.ch\/de\/03-03-2024-grosses-lotto-von-cerebral-wallis\/\" \/>\n<meta property=\"og:locale\" content=\"de_DE\" \/>\n<meta property=\"og:type\" content=\"article\" \/>\n<meta property=\"og:title\" content=\"03 M\u00e4rz 2024 - Grosses Lotto von Cerebral Wallis - Cerebral Valais\" \/>\n<meta property=\"og:description\" content=\"Lotto von Cerebral Wallis Auf die Agenda !! Unser n\u00e4chstes Lotto findet am Sonntag, 3.&hellip;\" \/>\n<meta property=\"og:url\" content=\"https:\/\/cerebral-vs.ch\/de\/03-03-2024-grosses-lotto-von-cerebral-wallis\/\" \/>\n<meta property=\"og:site_name\" content=\"Cerebral Valais\" \/>\n<meta property=\"article:publisher\" content=\"https:\/\/fr-fr.facebook.com\/cerebralvalais\/\" \/>\n<meta property=\"article:published_time\" content=\"2024-02-20T13:53:36+00:00\" \/>\n<meta property=\"article:modified_time\" content=\"2024-02-20T14:11:11+00:00\" \/>\n<meta property=\"og:image\" content=\"https:\/\/fk2kn2bvmtl.preview.infomaniak.website\/wp-content\/uploads\/2024\/02\/Capture-loto.jpg\" \/>\n\t<meta property=\"og:image:width\" content=\"806\" \/>\n\t<meta property=\"og:image:height\" content=\"594\" \/>\n\t<meta property=\"og:image:type\" content=\"image\/jpeg\" \/>\n<meta name=\"author\" content=\"cerebral\" \/>\n<meta name=\"twitter:card\" content=\"summary_large_image\" \/>\n<meta name=\"twitter:label1\" content=\"Verfasst von\" \/>\n\t<meta name=\"twitter:data1\" content=\"cerebral\" \/>\n<script type=\"application\/ld+json\" class=\"yoast-schema-graph\">{\"@context\":\"https:\\\/\\\/schema.org\",\"@graph\":[{\"@type\":\"Article\",\"@id\":\"https:\\\/\\\/cerebral-vs.ch\\\/de\\\/03-03-2024-grosses-lotto-von-cerebral-wallis\\\/#article\",\"isPartOf\":{\"@id\":\"https:\\\/\\\/cerebral-vs.ch\\\/de\\\/03-03-2024-grosses-lotto-von-cerebral-wallis\\\/\"},\"author\":{\"name\":\"cerebral\",\"@id\":\"https:\\\/\\\/fk2kn2bvmtl.preview.infomaniak.website\\\/#\\\/schema\\\/person\\\/8a3c096f7f850a37079e732e7a377ab6\"},\"headline\":\"03 M\u00e4rz 2024 &#8211; Grosses Lotto von Cerebral Wallis\",\"datePublished\":\"2024-02-20T13:53:36+00:00\",\"dateModified\":\"2024-02-20T14:11:11+00:00\",\"mainEntityOfPage\":{\"@id\":\"https:\\\/\\\/cerebral-vs.ch\\\/de\\\/03-03-2024-grosses-lotto-von-cerebral-wallis\\\/\"},\"wordCount\":90,\"publisher\":{\"@id\":\"https:\\\/\\\/fk2kn2bvmtl.preview.infomaniak.website\\\/#organization\"},\"image\":{\"@id\":\"https:\\\/\\\/cerebral-vs.ch\\\/de\\\/03-03-2024-grosses-lotto-von-cerebral-wallis\\\/#primaryimage\"},\"thumbnailUrl\":\"https:\\\/\\\/cerebral-vs.ch\\\/wp-content\\\/uploads\\\/2024\\\/02\\\/Capture-loto.jpg\",\"articleSection\":[\"Ev\u00e8nements\"],\"inLanguage\":\"de\"},{\"@type\":\"WebPage\",\"@id\":\"https:\\\/\\\/cerebral-vs.ch\\\/de\\\/03-03-2024-grosses-lotto-von-cerebral-wallis\\\/\",\"url\":\"https:\\\/\\\/cerebral-vs.ch\\\/de\\\/03-03-2024-grosses-lotto-von-cerebral-wallis\\\/\",\"name\":\"03 M\u00e4rz 2024 - Grosses Lotto von Cerebral Wallis - Cerebral Valais\",\"isPartOf\":{\"@id\":\"https:\\\/\\\/fk2kn2bvmtl.preview.infomaniak.website\\\/#website\"},\"primaryImageOfPage\":{\"@id\":\"https:\\\/\\\/cerebral-vs.ch\\\/de\\\/03-03-2024-grosses-lotto-von-cerebral-wallis\\\/#primaryimage\"},\"image\":{\"@id\":\"https:\\\/\\\/cerebral-vs.ch\\\/de\\\/03-03-2024-grosses-lotto-von-cerebral-wallis\\\/#primaryimage\"},\"thumbnailUrl\":\"https:\\\/\\\/cerebral-vs.ch\\\/wp-content\\\/uploads\\\/2024\\\/02\\\/Capture-loto.jpg\",\"datePublished\":\"2024-02-20T13:53:36+00:00\",\"dateModified\":\"2024-02-20T14:11:11+00:00\",\"breadcrumb\":{\"@id\":\"https:\\\/\\\/cerebral-vs.ch\\\/de\\\/03-03-2024-grosses-lotto-von-cerebral-wallis\\\/#breadcrumb\"},\"inLanguage\":\"de\",\"potentialAction\":[{\"@type\":\"ReadAction\",\"target\":[\"https:\\\/\\\/cerebral-vs.ch\\\/de\\\/03-03-2024-grosses-lotto-von-cerebral-wallis\\\/\"]}]},{\"@type\":\"ImageObject\",\"inLanguage\":\"de\",\"@id\":\"https:\\\/\\\/cerebral-vs.ch\\\/de\\\/03-03-2024-grosses-lotto-von-cerebral-wallis\\\/#primaryimage\",\"url\":\"https:\\\/\\\/cerebral-vs.ch\\\/wp-content\\\/uploads\\\/2024\\\/02\\\/Capture-loto.jpg\",\"contentUrl\":\"https:\\\/\\\/cerebral-vs.ch\\\/wp-content\\\/uploads\\\/2024\\\/02\\\/Capture-loto.jpg\",\"width\":806,\"height\":594},{\"@type\":\"BreadcrumbList\",\"@id\":\"https:\\\/\\\/cerebral-vs.ch\\\/de\\\/03-03-2024-grosses-lotto-von-cerebral-wallis\\\/#breadcrumb\",\"itemListElement\":[{\"@type\":\"ListItem\",\"position\":1,\"name\":\"Accueil\",\"item\":\"https:\\\/\\\/cerebral-vs.ch\\\/de\\\/\"},{\"@type\":\"ListItem\",\"position\":2,\"name\":\"03 M\u00e4rz 2024 &#8211; Grosses Lotto von Cerebral Wallis\"}]},{\"@type\":\"WebSite\",\"@id\":\"https:\\\/\\\/fk2kn2bvmtl.preview.infomaniak.website\\\/#website\",\"url\":\"https:\\\/\\\/fk2kn2bvmtl.preview.infomaniak.website\\\/\",\"name\":\"Cerebral Valais - Association Cerebral Valais\\\/Wallis\",\"description\":\"Cerebral Valais est une association de parents d&#039;enfants IMC qui \u0153uvre \u00e0 la d\u00e9fense de leurs int\u00e9r\u00eats, ainsi qu&#039;\u00e0 une meilleure compr\u00e9hension des diff\u00e9rences, afin que leurs enfants puissent obtenir, malgr\u00e9 leur situation de handicap, une place \u00e0 part enti\u00e8re dans la soci\u00e9t\u00e9.\",\"publisher\":{\"@id\":\"https:\\\/\\\/fk2kn2bvmtl.preview.infomaniak.website\\\/#organization\"},\"potentialAction\":[{\"@type\":\"SearchAction\",\"target\":{\"@type\":\"EntryPoint\",\"urlTemplate\":\"https:\\\/\\\/fk2kn2bvmtl.preview.infomaniak.website\\\/?s={search_term_string}\"},\"query-input\":{\"@type\":\"PropertyValueSpecification\",\"valueRequired\":true,\"valueName\":\"search_term_string\"}}],\"inLanguage\":\"de\"},{\"@type\":\"Organization\",\"@id\":\"https:\\\/\\\/fk2kn2bvmtl.preview.infomaniak.website\\\/#organization\",\"name\":\"Cerebral Valais - Association Cerebral Valais\\\/Wallis\",\"url\":\"https:\\\/\\\/fk2kn2bvmtl.preview.infomaniak.website\\\/\",\"logo\":{\"@type\":\"ImageObject\",\"inLanguage\":\"de\",\"@id\":\"https:\\\/\\\/fk2kn2bvmtl.preview.infomaniak.website\\\/#\\\/schema\\\/logo\\\/image\\\/\",\"url\":\"https:\\\/\\\/cerebral-vs.ch\\\/wp-content\\\/uploads\\\/2022\\\/09\\\/logo_cerebral_minimal.png\",\"contentUrl\":\"https:\\\/\\\/cerebral-vs.ch\\\/wp-content\\\/uploads\\\/2022\\\/09\\\/logo_cerebral_minimal.png\",\"width\":158,\"height\":95,\"caption\":\"Cerebral Valais - Association Cerebral Valais\\\/Wallis\"},\"image\":{\"@id\":\"https:\\\/\\\/fk2kn2bvmtl.preview.infomaniak.website\\\/#\\\/schema\\\/logo\\\/image\\\/\"},\"sameAs\":[\"https:\\\/\\\/fr-fr.facebook.com\\\/cerebralvalais\\\/\"]},{\"@type\":\"Person\",\"@id\":\"https:\\\/\\\/fk2kn2bvmtl.preview.infomaniak.website\\\/#\\\/schema\\\/person\\\/8a3c096f7f850a37079e732e7a377ab6\",\"name\":\"cerebral\",\"image\":{\"@type\":\"ImageObject\",\"inLanguage\":\"de\",\"@id\":\"https:\\\/\\\/secure.gravatar.com\\\/avatar\\\/d9901af343e4afbab418993f4e53fb321949bc089a32561c058d145f4c23e5b9?s=96&d=mm&r=g\",\"url\":\"https:\\\/\\\/secure.gravatar.com\\\/avatar\\\/d9901af343e4afbab418993f4e53fb321949bc089a32561c058d145f4c23e5b9?s=96&d=mm&r=g\",\"contentUrl\":\"https:\\\/\\\/secure.gravatar.com\\\/avatar\\\/d9901af343e4afbab418993f4e53fb321949bc089a32561c058d145f4c23e5b9?s=96&d=mm&r=g\",\"caption\":\"cerebral\"}}]}<\/script>\n<!-- \/ Yoast SEO plugin. -->","yoast_head_json":{"title":"03 M\u00e4rz 2024 - Grosses Lotto von Cerebral Wallis - Cerebral Valais","robots":{"index":"index","follow":"follow","max-snippet":"max-snippet:-1","max-image-preview":"max-image-preview:large","max-video-preview":"max-video-preview:-1"},"canonical":"https:\/\/cerebral-vs.ch\/de\/03-03-2024-grosses-lotto-von-cerebral-wallis\/","og_locale":"de_DE","og_type":"article","og_title":"03 M\u00e4rz 2024 - Grosses Lotto von Cerebral Wallis - Cerebral Valais","og_description":"Lotto von Cerebral Wallis Auf die Agenda !! Unser n\u00e4chstes Lotto findet am Sonntag, 3.&hellip;","og_url":"https:\/\/cerebral-vs.ch\/de\/03-03-2024-grosses-lotto-von-cerebral-wallis\/","og_site_name":"Cerebral Valais","article_publisher":"https:\/\/fr-fr.facebook.com\/cerebralvalais\/","article_published_time":"2024-02-20T13:53:36+00:00","article_modified_time":"2024-02-20T14:11:11+00:00","og_image":[{"width":806,"height":594,"url":"https:\/\/fk2kn2bvmtl.preview.infomaniak.website\/wp-content\/uploads\/2024\/02\/Capture-loto.jpg","type":"image\/jpeg"}],"author":"cerebral","twitter_card":"summary_large_image","twitter_misc":{"Verfasst von":"cerebral"},"schema":{"@context":"https:\/\/schema.org","@graph":[{"@type":"Article","@id":"https:\/\/cerebral-vs.ch\/de\/03-03-2024-grosses-lotto-von-cerebral-wallis\/#article","isPartOf":{"@id":"https:\/\/cerebral-vs.ch\/de\/03-03-2024-grosses-lotto-von-cerebral-wallis\/"},"author":{"name":"cerebral","@id":"https:\/\/fk2kn2bvmtl.preview.infomaniak.website\/#\/schema\/person\/8a3c096f7f850a37079e732e7a377ab6"},"headline":"03 M\u00e4rz 2024 &#8211; Grosses Lotto von Cerebral Wallis","datePublished":"2024-02-20T13:53:36+00:00","dateModified":"2024-02-20T14:11:11+00:00","mainEntityOfPage":{"@id":"https:\/\/cerebral-vs.ch\/de\/03-03-2024-grosses-lotto-von-cerebral-wallis\/"},"wordCount":90,"publisher":{"@id":"https:\/\/fk2kn2bvmtl.preview.infomaniak.website\/#organization"},"image":{"@id":"https:\/\/cerebral-vs.ch\/de\/03-03-2024-grosses-lotto-von-cerebral-wallis\/#primaryimage"},"thumbnailUrl":"https:\/\/cerebral-vs.ch\/wp-content\/uploads\/2024\/02\/Capture-loto.jpg","articleSection":["Ev\u00e8nements"],"inLanguage":"de"},{"@type":"WebPage","@id":"https:\/\/cerebral-vs.ch\/de\/03-03-2024-grosses-lotto-von-cerebral-wallis\/","url":"https:\/\/cerebral-vs.ch\/de\/03-03-2024-grosses-lotto-von-cerebral-wallis\/","name":"03 M\u00e4rz 2024 - Grosses Lotto von Cerebral Wallis - Cerebral Valais","isPartOf":{"@id":"https:\/\/fk2kn2bvmtl.preview.infomaniak.website\/#website"},"primaryImageOfPage":{"@id":"https:\/\/cerebral-vs.ch\/de\/03-03-2024-grosses-lotto-von-cerebral-wallis\/#primaryimage"},"image":{"@id":"https:\/\/cerebral-vs.ch\/de\/03-03-2024-grosses-lotto-von-cerebral-wallis\/#primaryimage"},"thumbnailUrl":"https:\/\/cerebral-vs.ch\/wp-content\/uploads\/2024\/02\/Capture-loto.jpg","datePublished":"2024-02-20T13:53:36+00:00","dateModified":"2024-02-20T14:11:11+00:00","breadcrumb":{"@id":"https:\/\/cerebral-vs.ch\/de\/03-03-2024-grosses-lotto-von-cerebral-wallis\/#breadcrumb"},"inLanguage":"de","potentialAction":[{"@type":"ReadAction","target":["https:\/\/cerebral-vs.ch\/de\/03-03-2024-grosses-lotto-von-cerebral-wallis\/"]}]},{"@type":"ImageObject","inLanguage":"de","@id":"https:\/\/cerebral-vs.ch\/de\/03-03-2024-grosses-lotto-von-cerebral-wallis\/#primaryimage","url":"https:\/\/cerebral-vs.ch\/wp-content\/uploads\/2024\/02\/Capture-loto.jpg","contentUrl":"https:\/\/cerebral-vs.ch\/wp-content\/uploads\/2024\/02\/Capture-loto.jpg","width":806,"height":594},{"@type":"BreadcrumbList","@id":"https:\/\/cerebral-vs.ch\/de\/03-03-2024-grosses-lotto-von-cerebral-wallis\/#breadcrumb","itemListElement":[{"@type":"ListItem","position":1,"name":"Accueil","item":"https:\/\/cerebral-vs.ch\/de\/"},{"@type":"ListItem","position":2,"name":"03 M\u00e4rz 2024 &#8211; Grosses Lotto von Cerebral Wallis"}]},{"@type":"WebSite","@id":"https:\/\/fk2kn2bvmtl.preview.infomaniak.website\/#website","url":"https:\/\/fk2kn2bvmtl.preview.infomaniak.website\/","name":"Cerebral Valais - Association Cerebral Valais\/Wallis","description":"Cerebral Valais est une association de parents d&#039;enfants IMC qui \u0153uvre \u00e0 la d\u00e9fense de leurs int\u00e9r\u00eats, ainsi qu&#039;\u00e0 une meilleure compr\u00e9hension des diff\u00e9rences, afin que leurs enfants puissent obtenir, malgr\u00e9 leur situation de handicap, une place \u00e0 part enti\u00e8re dans la soci\u00e9t\u00e9.","publisher":{"@id":"https:\/\/fk2kn2bvmtl.preview.infomaniak.website\/#organization"},"potentialAction":[{"@type":"SearchAction","target":{"@type":"EntryPoint","urlTemplate":"https:\/\/fk2kn2bvmtl.preview.infomaniak.website\/?s={search_term_string}"},"query-input":{"@type":"PropertyValueSpecification","valueRequired":true,"valueName":"search_term_string"}}],"inLanguage":"de"},{"@type":"Organization","@id":"https:\/\/fk2kn2bvmtl.preview.infomaniak.website\/#organization","name":"Cerebral Valais - Association Cerebral Valais\/Wallis","url":"https:\/\/fk2kn2bvmtl.preview.infomaniak.website\/","logo":{"@type":"ImageObject","inLanguage":"de","@id":"https:\/\/fk2kn2bvmtl.preview.infomaniak.website\/#\/schema\/logo\/image\/","url":"https:\/\/cerebral-vs.ch\/wp-content\/uploads\/2022\/09\/logo_cerebral_minimal.png","contentUrl":"https:\/\/cerebral-vs.ch\/wp-content\/uploads\/2022\/09\/logo_cerebral_minimal.png","width":158,"height":95,"caption":"Cerebral Valais - Association Cerebral Valais\/Wallis"},"image":{"@id":"https:\/\/fk2kn2bvmtl.preview.infomaniak.website\/#\/schema\/logo\/image\/"},"sameAs":["https:\/\/fr-fr.facebook.com\/cerebralvalais\/"]},{"@type":"Person","@id":"https:\/\/fk2kn2bvmtl.preview.infomaniak.website\/#\/schema\/person\/8a3c096f7f850a37079e732e7a377ab6","name":"cerebral","image":{"@type":"ImageObject","inLanguage":"de","@id":"https:\/\/secure.gravatar.com\/avatar\/d9901af343e4afbab418993f4e53fb321949bc089a32561c058d145f4c23e5b9?s=96&d=mm&r=g","url":"https:\/\/secure.gravatar.com\/avatar\/d9901af343e4afbab418993f4e53fb321949bc089a32561c058d145f4c23e5b9?s=96&d=mm&r=g","contentUrl":"https:\/\/secure.gravatar.com\/avatar\/d9901af343e4afbab418993f4e53fb321949bc089a32561c058d145f4c23e5b9?s=96&d=mm&r=g","caption":"cerebral"}}]}},"_links":{"self":[{"href":"https:\/\/cerebral-vs.ch\/de\/wp-json\/wp\/v2\/posts\/38272","targetHints":{"allow":["GET"]}}],"collection":[{"href":"https:\/\/cerebral-vs.ch\/de\/wp-json\/wp\/v2\/posts"}],"about":[{"href":"https:\/\/cerebral-vs.ch\/de\/wp-json\/wp\/v2\/types\/post"}],"author":[{"embeddable":true,"href":"https:\/\/cerebral-vs.ch\/de\/wp-json\/wp\/v2\/users\/2"}],"replies":[{"embeddable":true,"href":"https:\/\/cerebral-vs.ch\/de\/wp-json\/wp\/v2\/comments?post=38272"}],"version-history":[{"count":5,"href":"https:\/\/cerebral-vs.ch\/de\/wp-json\/wp\/v2\/posts\/38272\/revisions"}],"predecessor-version":[{"id":38277,"href":"https:\/\/cerebral-vs.ch\/de\/wp-json\/wp\/v2\/posts\/38272\/revisions\/38277"}],"wp:featuredmedia":[{"embeddable":true,"href":"https:\/\/cerebral-vs.ch\/de\/wp-json\/wp\/v2\/media\/38254"}],"wp:attachment":[{"href":"https:\/\/cerebral-vs.ch\/de\/wp-json\/wp\/v2\/media?parent=38272"}],"wp:term":[{"taxonomy":"category","embeddable":true,"href":"https:\/\/cerebral-vs.ch\/de\/wp-json\/wp\/v2\/categories?post=38272"},{"taxonomy":"post_tag","embeddable":true,"href":"https:\/\/cerebral-vs.ch\/de\/wp-json\/wp\/v2\/tags?post=38272"}],"curies":[{"name":"wp","href":"https:\/\/api.w.org\/{rel}","templated":true}]}}