{"id":46782,"date":"2026-04-17T12:30:52","date_gmt":"2026-04-17T10:30:52","guid":{"rendered":"https:\/\/cerebral-vs.ch\/?p=46782"},"modified":"2026-05-01T09:30:37","modified_gmt":"2026-05-01T07:30:37","slug":"session-des-personnes-handicapees-2026-cerebral-valais-vous-invite-a-voter-2","status":"publish","type":"post","link":"https:\/\/cerebral-vs.ch\/de\/session-des-personnes-handicapees-2026-cerebral-valais-vous-invite-a-voter-2\/","title":{"rendered":"Session des personnes handicap\u00e9es 2026 Cerebral Valais vous invite \u00e0 voter !"},"content":{"rendered":"\t\t<div data-elementor-type=\"wp-post\" data-elementor-id=\"46782\" class=\"elementor elementor-46782 elementor-44792\">\n\t\t\t\t\t\t<section class=\"elementor-section elementor-top-section elementor-element elementor-element-5861c039 elementor-section-boxed elementor-section-height-default elementor-section-height-default sc_fly_static\" data-id=\"5861c039\" data-element_type=\"section\" data-e-type=\"section\">\n\t\t\t\t\t\t<div class=\"elementor-container elementor-column-gap-extended\">\n\t\t\t\t\t<div class=\"elementor-column elementor-col-100 elementor-top-column elementor-element elementor-element-105b03f1 sc_content_align_inherit sc_layouts_column_icons_position_left sc_fly_static\" data-id=\"105b03f1\" data-element_type=\"column\" data-e-type=\"column\">\n\t\t\t<div class=\"elementor-widget-wrap elementor-element-populated\">\n\t\t\t\t\t\t<div class=\"elementor-element elementor-element-195b367d sc_fly_static elementor-widget elementor-widget-text-editor\" data-id=\"195b367d\" data-element_type=\"widget\" data-e-type=\"widget\" data-widget_type=\"text-editor.default\">\n\t\t\t\t<div class=\"elementor-widget-container\">\n\t\t\t\t\t\t\t\t\t<h4 data-start=\"72\" data-end=\"109\"><strong data-start=\"72\" data-end=\"107\">Session des personnes handicap\u00e9es 2026 : nous vous invitons \u00e0 voter !<\/strong><\/h4><p data-start=\"244\" data-end=\"466\"><span class=\"hover:entity-accent entity-underline inline cursor-pointer align-baseline\"><span class=\"whitespace-normal\">Cerebral Valais\u00a0<\/span><\/span>encourage vivement ses membres et leurs proches \u00e0 participer \u00e0 l\u2019\u00e9lection en ligne des parlementaires de la Session des personnes handicap\u00e9es 2026.<\/p><p data-start=\"468\" data-end=\"674\">La Session des personnes handicap\u00e9es se tiendra le 21 octobre 2026 au Palais f\u00e9d\u00e9ral. \u00c0 cette occasion, 44 personnes seront \u00e9lues pour repr\u00e9senter les participantes et participants venus de toute la Suisse.<\/p><p data-start=\"676\" data-end=\"889\">Plus de 200 candidates et candidats sont en lice, dont certaines personnes vivant avec une paralysie c\u00e9r\u00e9brale ou proches de notre r\u00e9seau. Il est essentiel que ces voix puissent \u00eatre entendues au niveau politique.<\/p><p data-start=\"891\" data-end=\"1169\"><img decoding=\"async\" class=\"emoji\" role=\"img\" draggable=\"false\" src=\"https:\/\/s.w.org\/images\/core\/emoji\/17.0.2\/svg\/1f449.svg\" alt=\"\ud83d\udc49\" \/> Jusqu\u2019au 17 mai, vous pouvez voter pour un maximum de trois candidates et candidats, dans toute la Suisse.<br data-start=\"1000\" data-end=\"1003\" \/><img decoding=\"async\" class=\"emoji\" role=\"img\" draggable=\"false\" src=\"https:\/\/s.w.org\/images\/core\/emoji\/17.0.2\/svg\/1f449.svg\" alt=\"\ud83d\udc49\" \/> Le vote est ouvert \u00e0 toutes et tous, y compris aux personnes sans passeport suisse.<br data-start=\"1089\" data-end=\"1092\" \/><img decoding=\"async\" class=\"emoji\" role=\"img\" draggable=\"false\" src=\"https:\/\/s.w.org\/images\/core\/emoji\/17.0.2\/svg\/1f449.svg\" alt=\"\ud83d\udc49\" \/> Chaque personne ne peut voter qu\u2019une seule fois par candidate ou candidat.<\/p><p data-start=\"1171\" data-end=\"1314\">Nous vous encourageons fortement \u00e0 prendre quelques minutes pour voter et soutenir les personnes qui vous repr\u00e9sentent ou vous tiennent \u00e0 c\u0153ur.<\/p><p data-start=\"1316\" data-end=\"1393\"><img decoding=\"async\" class=\"emoji\" role=\"img\" draggable=\"false\" src=\"https:\/\/s.w.org\/images\/core\/emoji\/17.0.2\/svg\/1f449.svg\" alt=\"\ud83d\udc49\" \/> Votez d\u00e8s maintenant sur le site de <a href=\"https:\/\/www.proinfirmis.ch\/fr\/inclusion\/participation-politique\/session-des-personnes-handicapees\/elections.html\"><span class=\"hover:entity-accent entity-underline inline cursor-pointer align-baseline\"><span class=\"whitespace-normal\">Pro Infirmis<\/span><\/span>.<\/a><\/p>\t\t\t\t\t\t\t\t<\/div>\n\t\t\t\t<\/div>\n\t\t\t\t\t<\/div>\n\t\t<\/div>\n\t\t\t\t\t<\/div>\n\t\t<\/section>\n\t\t\t\t<section class=\"elementor-section elementor-top-section elementor-element elementor-element-f2ff36b elementor-section-boxed elementor-section-height-default elementor-section-height-default sc_fly_static\" data-id=\"f2ff36b\" data-element_type=\"section\" data-e-type=\"section\">\n\t\t\t\t\t\t<div class=\"elementor-container elementor-column-gap-extended\">\n\t\t\t\t\t<div class=\"elementor-column elementor-col-100 elementor-top-column elementor-element elementor-element-5876cba sc_content_align_inherit sc_layouts_column_icons_position_left sc_fly_static\" data-id=\"5876cba\" data-element_type=\"column\" data-e-type=\"column\">\n\t\t\t<div class=\"elementor-widget-wrap\">\n\t\t\t\t\t\t\t<\/div>\n\t\t<\/div>\n\t\t\t\t\t<\/div>\n\t\t<\/section>\n\t\t\t\t<section class=\"elementor-section elementor-top-section elementor-element elementor-element-0501a5e elementor-section-boxed elementor-section-height-default elementor-section-height-default sc_fly_static\" data-id=\"0501a5e\" data-element_type=\"section\" data-e-type=\"section\">\n\t\t\t\t\t\t<div class=\"elementor-container elementor-column-gap-extended\">\n\t\t\t\t\t<div class=\"elementor-column elementor-col-100 elementor-top-column elementor-element elementor-element-4086e21 sc_content_align_inherit sc_layouts_column_icons_position_left sc_fly_static\" data-id=\"4086e21\" data-element_type=\"column\" data-e-type=\"column\">\n\t\t\t<div class=\"elementor-widget-wrap\">\n\t\t\t\t\t\t\t<\/div>\n\t\t<\/div>\n\t\t\t\t\t<\/div>\n\t\t<\/section>\n\t\t\t\t<\/div>\n\t\t","protected":false},"excerpt":{"rendered":"<p>Session des personnes handicap\u00e9es 2026 : nous vous invitons \u00e0 voter ! Cerebral Valais\u00a0encourage vivement&hellip;<\/p>\n","protected":false},"author":2,"featured_media":46776,"comment_status":"closed","ping_status":"closed","sticky":false,"template":"","format":"standard","meta":{"inline_featured_image":false,"footnotes":""},"categories":[224],"tags":[],"class_list":["post-46782","post","type-post","status-publish","format-standard","has-post-thumbnail","hentry","category-evenements-2-de"],"yoast_head":"<!-- This site is optimized with the Yoast SEO plugin v27.5 - https:\/\/yoast.com\/product\/yoast-seo-wordpress\/ -->\n<title>Session des personnes handicap\u00e9es 2026 Cerebral Valais vous invite \u00e0 voter ! - Cerebral Valais<\/title>\n<meta name=\"robots\" content=\"index, follow, max-snippet:-1, max-image-preview:large, max-video-preview:-1\" \/>\n<link rel=\"canonical\" href=\"https:\/\/cerebral-vs.ch\/de\/session-des-personnes-handicapees-2026-cerebral-valais-vous-invite-a-voter-2\/\" \/>\n<meta property=\"og:locale\" content=\"de_DE\" \/>\n<meta property=\"og:type\" content=\"article\" \/>\n<meta property=\"og:title\" content=\"Session des personnes handicap\u00e9es 2026 Cerebral Valais vous invite \u00e0 voter ! - Cerebral Valais\" \/>\n<meta property=\"og:description\" content=\"Session des personnes handicap\u00e9es 2026 : nous vous invitons \u00e0 voter ! Cerebral Valais\u00a0encourage vivement&hellip;\" \/>\n<meta property=\"og:url\" content=\"https:\/\/cerebral-vs.ch\/de\/session-des-personnes-handicapees-2026-cerebral-valais-vous-invite-a-voter-2\/\" \/>\n<meta property=\"og:site_name\" content=\"Cerebral Valais\" \/>\n<meta property=\"article:publisher\" content=\"https:\/\/fr-fr.facebook.com\/cerebralvalais\/\" \/>\n<meta property=\"article:published_time\" content=\"2026-04-17T10:30:52+00:00\" \/>\n<meta property=\"article:modified_time\" content=\"2026-05-01T07:30:37+00:00\" \/>\n<meta property=\"og:image\" content=\"https:\/\/cerebral-vs.ch\/wp-content\/uploads\/2026\/05\/vote.png\" \/>\n\t<meta property=\"og:image:width\" content=\"1536\" \/>\n\t<meta property=\"og:image:height\" content=\"1024\" \/>\n\t<meta property=\"og:image:type\" content=\"image\/png\" \/>\n<meta name=\"author\" content=\"cerebral\" \/>\n<meta name=\"twitter:card\" content=\"summary_large_image\" \/>\n<meta name=\"twitter:label1\" content=\"Verfasst von\" \/>\n\t<meta name=\"twitter:data1\" content=\"cerebral\" \/>\n\t<meta name=\"twitter:label2\" content=\"Gesch\u00e4tzte Lesezeit\" \/>\n\t<meta name=\"twitter:data2\" content=\"2\u00a0Minuten\" \/>\n<script type=\"application\/ld+json\" class=\"yoast-schema-graph\">{\"@context\":\"https:\\\/\\\/schema.org\",\"@graph\":[{\"@type\":\"Article\",\"@id\":\"https:\\\/\\\/cerebral-vs.ch\\\/de\\\/session-des-personnes-handicapees-2026-cerebral-valais-vous-invite-a-voter-2\\\/#article\",\"isPartOf\":{\"@id\":\"https:\\\/\\\/cerebral-vs.ch\\\/de\\\/session-des-personnes-handicapees-2026-cerebral-valais-vous-invite-a-voter-2\\\/\"},\"author\":{\"name\":\"cerebral\",\"@id\":\"https:\\\/\\\/fk2kn2bvmtl.preview.infomaniak.website\\\/#\\\/schema\\\/person\\\/8a3c096f7f850a37079e732e7a377ab6\"},\"headline\":\"Session des personnes handicap\u00e9es 2026 Cerebral Valais vous invite \u00e0 voter !\",\"datePublished\":\"2026-04-17T10:30:52+00:00\",\"dateModified\":\"2026-05-01T07:30:37+00:00\",\"mainEntityOfPage\":{\"@id\":\"https:\\\/\\\/cerebral-vs.ch\\\/de\\\/session-des-personnes-handicapees-2026-cerebral-valais-vous-invite-a-voter-2\\\/\"},\"wordCount\":187,\"publisher\":{\"@id\":\"https:\\\/\\\/fk2kn2bvmtl.preview.infomaniak.website\\\/#organization\"},\"image\":{\"@id\":\"https:\\\/\\\/cerebral-vs.ch\\\/de\\\/session-des-personnes-handicapees-2026-cerebral-valais-vous-invite-a-voter-2\\\/#primaryimage\"},\"thumbnailUrl\":\"https:\\\/\\\/cerebral-vs.ch\\\/wp-content\\\/uploads\\\/2026\\\/05\\\/vote.png\",\"articleSection\":[\"Ev\u00e8nements\"],\"inLanguage\":\"de\"},{\"@type\":\"WebPage\",\"@id\":\"https:\\\/\\\/cerebral-vs.ch\\\/de\\\/session-des-personnes-handicapees-2026-cerebral-valais-vous-invite-a-voter-2\\\/\",\"url\":\"https:\\\/\\\/cerebral-vs.ch\\\/de\\\/session-des-personnes-handicapees-2026-cerebral-valais-vous-invite-a-voter-2\\\/\",\"name\":\"Session des personnes handicap\u00e9es 2026 Cerebral Valais vous invite \u00e0 voter ! - Cerebral Valais\",\"isPartOf\":{\"@id\":\"https:\\\/\\\/fk2kn2bvmtl.preview.infomaniak.website\\\/#website\"},\"primaryImageOfPage\":{\"@id\":\"https:\\\/\\\/cerebral-vs.ch\\\/de\\\/session-des-personnes-handicapees-2026-cerebral-valais-vous-invite-a-voter-2\\\/#primaryimage\"},\"image\":{\"@id\":\"https:\\\/\\\/cerebral-vs.ch\\\/de\\\/session-des-personnes-handicapees-2026-cerebral-valais-vous-invite-a-voter-2\\\/#primaryimage\"},\"thumbnailUrl\":\"https:\\\/\\\/cerebral-vs.ch\\\/wp-content\\\/uploads\\\/2026\\\/05\\\/vote.png\",\"datePublished\":\"2026-04-17T10:30:52+00:00\",\"dateModified\":\"2026-05-01T07:30:37+00:00\",\"breadcrumb\":{\"@id\":\"https:\\\/\\\/cerebral-vs.ch\\\/de\\\/session-des-personnes-handicapees-2026-cerebral-valais-vous-invite-a-voter-2\\\/#breadcrumb\"},\"inLanguage\":\"de\",\"potentialAction\":[{\"@type\":\"ReadAction\",\"target\":[\"https:\\\/\\\/cerebral-vs.ch\\\/de\\\/session-des-personnes-handicapees-2026-cerebral-valais-vous-invite-a-voter-2\\\/\"]}]},{\"@type\":\"ImageObject\",\"inLanguage\":\"de\",\"@id\":\"https:\\\/\\\/cerebral-vs.ch\\\/de\\\/session-des-personnes-handicapees-2026-cerebral-valais-vous-invite-a-voter-2\\\/#primaryimage\",\"url\":\"https:\\\/\\\/cerebral-vs.ch\\\/wp-content\\\/uploads\\\/2026\\\/05\\\/vote.png\",\"contentUrl\":\"https:\\\/\\\/cerebral-vs.ch\\\/wp-content\\\/uploads\\\/2026\\\/05\\\/vote.png\",\"width\":1536,\"height\":1024},{\"@type\":\"BreadcrumbList\",\"@id\":\"https:\\\/\\\/cerebral-vs.ch\\\/de\\\/session-des-personnes-handicapees-2026-cerebral-valais-vous-invite-a-voter-2\\\/#breadcrumb\",\"itemListElement\":[{\"@type\":\"ListItem\",\"position\":1,\"name\":\"Accueil\",\"item\":\"https:\\\/\\\/cerebral-vs.ch\\\/de\\\/\"},{\"@type\":\"ListItem\",\"position\":2,\"name\":\"Session des personnes handicap\u00e9es 2026 Cerebral Valais vous invite \u00e0 voter !\"}]},{\"@type\":\"WebSite\",\"@id\":\"https:\\\/\\\/fk2kn2bvmtl.preview.infomaniak.website\\\/#website\",\"url\":\"https:\\\/\\\/fk2kn2bvmtl.preview.infomaniak.website\\\/\",\"name\":\"Cerebral Valais - Association Cerebral Valais\\\/Wallis\",\"description\":\"Cerebral Valais est une association de parents d&#039;enfants IMC qui \u0153uvre \u00e0 la d\u00e9fense de leurs int\u00e9r\u00eats, ainsi qu&#039;\u00e0 une meilleure compr\u00e9hension des diff\u00e9rences, afin que leurs enfants puissent obtenir, malgr\u00e9 leur situation de handicap, une place \u00e0 part enti\u00e8re dans la soci\u00e9t\u00e9.\",\"publisher\":{\"@id\":\"https:\\\/\\\/fk2kn2bvmtl.preview.infomaniak.website\\\/#organization\"},\"potentialAction\":[{\"@type\":\"SearchAction\",\"target\":{\"@type\":\"EntryPoint\",\"urlTemplate\":\"https:\\\/\\\/fk2kn2bvmtl.preview.infomaniak.website\\\/?s={search_term_string}\"},\"query-input\":{\"@type\":\"PropertyValueSpecification\",\"valueRequired\":true,\"valueName\":\"search_term_string\"}}],\"inLanguage\":\"de\"},{\"@type\":\"Organization\",\"@id\":\"https:\\\/\\\/fk2kn2bvmtl.preview.infomaniak.website\\\/#organization\",\"name\":\"Cerebral Valais - Association Cerebral Valais\\\/Wallis\",\"url\":\"https:\\\/\\\/fk2kn2bvmtl.preview.infomaniak.website\\\/\",\"logo\":{\"@type\":\"ImageObject\",\"inLanguage\":\"de\",\"@id\":\"https:\\\/\\\/fk2kn2bvmtl.preview.infomaniak.website\\\/#\\\/schema\\\/logo\\\/image\\\/\",\"url\":\"https:\\\/\\\/cerebral-vs.ch\\\/wp-content\\\/uploads\\\/2022\\\/09\\\/logo_cerebral_minimal.png\",\"contentUrl\":\"https:\\\/\\\/cerebral-vs.ch\\\/wp-content\\\/uploads\\\/2022\\\/09\\\/logo_cerebral_minimal.png\",\"width\":158,\"height\":95,\"caption\":\"Cerebral Valais - Association Cerebral Valais\\\/Wallis\"},\"image\":{\"@id\":\"https:\\\/\\\/fk2kn2bvmtl.preview.infomaniak.website\\\/#\\\/schema\\\/logo\\\/image\\\/\"},\"sameAs\":[\"https:\\\/\\\/fr-fr.facebook.com\\\/cerebralvalais\\\/\"]},{\"@type\":\"Person\",\"@id\":\"https:\\\/\\\/fk2kn2bvmtl.preview.infomaniak.website\\\/#\\\/schema\\\/person\\\/8a3c096f7f850a37079e732e7a377ab6\",\"name\":\"cerebral\",\"image\":{\"@type\":\"ImageObject\",\"inLanguage\":\"de\",\"@id\":\"https:\\\/\\\/secure.gravatar.com\\\/avatar\\\/d9901af343e4afbab418993f4e53fb321949bc089a32561c058d145f4c23e5b9?s=96&d=mm&r=g\",\"url\":\"https:\\\/\\\/secure.gravatar.com\\\/avatar\\\/d9901af343e4afbab418993f4e53fb321949bc089a32561c058d145f4c23e5b9?s=96&d=mm&r=g\",\"contentUrl\":\"https:\\\/\\\/secure.gravatar.com\\\/avatar\\\/d9901af343e4afbab418993f4e53fb321949bc089a32561c058d145f4c23e5b9?s=96&d=mm&r=g\",\"caption\":\"cerebral\"}}]}<\/script>\n<!-- \/ Yoast SEO plugin. -->","yoast_head_json":{"title":"Session des personnes handicap\u00e9es 2026 Cerebral Valais vous invite \u00e0 voter ! - Cerebral Valais","robots":{"index":"index","follow":"follow","max-snippet":"max-snippet:-1","max-image-preview":"max-image-preview:large","max-video-preview":"max-video-preview:-1"},"canonical":"https:\/\/cerebral-vs.ch\/de\/session-des-personnes-handicapees-2026-cerebral-valais-vous-invite-a-voter-2\/","og_locale":"de_DE","og_type":"article","og_title":"Session des personnes handicap\u00e9es 2026 Cerebral Valais vous invite \u00e0 voter ! - Cerebral Valais","og_description":"Session des personnes handicap\u00e9es 2026 : nous vous invitons \u00e0 voter ! Cerebral Valais\u00a0encourage vivement&hellip;","og_url":"https:\/\/cerebral-vs.ch\/de\/session-des-personnes-handicapees-2026-cerebral-valais-vous-invite-a-voter-2\/","og_site_name":"Cerebral Valais","article_publisher":"https:\/\/fr-fr.facebook.com\/cerebralvalais\/","article_published_time":"2026-04-17T10:30:52+00:00","article_modified_time":"2026-05-01T07:30:37+00:00","og_image":[{"width":1536,"height":1024,"url":"https:\/\/cerebral-vs.ch\/wp-content\/uploads\/2026\/05\/vote.png","type":"image\/png"}],"author":"cerebral","twitter_card":"summary_large_image","twitter_misc":{"Verfasst von":"cerebral","Gesch\u00e4tzte Lesezeit":"2\u00a0Minuten"},"schema":{"@context":"https:\/\/schema.org","@graph":[{"@type":"Article","@id":"https:\/\/cerebral-vs.ch\/de\/session-des-personnes-handicapees-2026-cerebral-valais-vous-invite-a-voter-2\/#article","isPartOf":{"@id":"https:\/\/cerebral-vs.ch\/de\/session-des-personnes-handicapees-2026-cerebral-valais-vous-invite-a-voter-2\/"},"author":{"name":"cerebral","@id":"https:\/\/fk2kn2bvmtl.preview.infomaniak.website\/#\/schema\/person\/8a3c096f7f850a37079e732e7a377ab6"},"headline":"Session des personnes handicap\u00e9es 2026 Cerebral Valais vous invite \u00e0 voter !","datePublished":"2026-04-17T10:30:52+00:00","dateModified":"2026-05-01T07:30:37+00:00","mainEntityOfPage":{"@id":"https:\/\/cerebral-vs.ch\/de\/session-des-personnes-handicapees-2026-cerebral-valais-vous-invite-a-voter-2\/"},"wordCount":187,"publisher":{"@id":"https:\/\/fk2kn2bvmtl.preview.infomaniak.website\/#organization"},"image":{"@id":"https:\/\/cerebral-vs.ch\/de\/session-des-personnes-handicapees-2026-cerebral-valais-vous-invite-a-voter-2\/#primaryimage"},"thumbnailUrl":"https:\/\/cerebral-vs.ch\/wp-content\/uploads\/2026\/05\/vote.png","articleSection":["Ev\u00e8nements"],"inLanguage":"de"},{"@type":"WebPage","@id":"https:\/\/cerebral-vs.ch\/de\/session-des-personnes-handicapees-2026-cerebral-valais-vous-invite-a-voter-2\/","url":"https:\/\/cerebral-vs.ch\/de\/session-des-personnes-handicapees-2026-cerebral-valais-vous-invite-a-voter-2\/","name":"Session des personnes handicap\u00e9es 2026 Cerebral Valais vous invite \u00e0 voter ! - Cerebral Valais","isPartOf":{"@id":"https:\/\/fk2kn2bvmtl.preview.infomaniak.website\/#website"},"primaryImageOfPage":{"@id":"https:\/\/cerebral-vs.ch\/de\/session-des-personnes-handicapees-2026-cerebral-valais-vous-invite-a-voter-2\/#primaryimage"},"image":{"@id":"https:\/\/cerebral-vs.ch\/de\/session-des-personnes-handicapees-2026-cerebral-valais-vous-invite-a-voter-2\/#primaryimage"},"thumbnailUrl":"https:\/\/cerebral-vs.ch\/wp-content\/uploads\/2026\/05\/vote.png","datePublished":"2026-04-17T10:30:52+00:00","dateModified":"2026-05-01T07:30:37+00:00","breadcrumb":{"@id":"https:\/\/cerebral-vs.ch\/de\/session-des-personnes-handicapees-2026-cerebral-valais-vous-invite-a-voter-2\/#breadcrumb"},"inLanguage":"de","potentialAction":[{"@type":"ReadAction","target":["https:\/\/cerebral-vs.ch\/de\/session-des-personnes-handicapees-2026-cerebral-valais-vous-invite-a-voter-2\/"]}]},{"@type":"ImageObject","inLanguage":"de","@id":"https:\/\/cerebral-vs.ch\/de\/session-des-personnes-handicapees-2026-cerebral-valais-vous-invite-a-voter-2\/#primaryimage","url":"https:\/\/cerebral-vs.ch\/wp-content\/uploads\/2026\/05\/vote.png","contentUrl":"https:\/\/cerebral-vs.ch\/wp-content\/uploads\/2026\/05\/vote.png","width":1536,"height":1024},{"@type":"BreadcrumbList","@id":"https:\/\/cerebral-vs.ch\/de\/session-des-personnes-handicapees-2026-cerebral-valais-vous-invite-a-voter-2\/#breadcrumb","itemListElement":[{"@type":"ListItem","position":1,"name":"Accueil","item":"https:\/\/cerebral-vs.ch\/de\/"},{"@type":"ListItem","position":2,"name":"Session des personnes handicap\u00e9es 2026 Cerebral Valais vous invite \u00e0 voter !"}]},{"@type":"WebSite","@id":"https:\/\/fk2kn2bvmtl.preview.infomaniak.website\/#website","url":"https:\/\/fk2kn2bvmtl.preview.infomaniak.website\/","name":"Cerebral Valais - Association Cerebral Valais\/Wallis","description":"Cerebral Valais est une association de parents d&#039;enfants IMC qui \u0153uvre \u00e0 la d\u00e9fense de leurs int\u00e9r\u00eats, ainsi qu&#039;\u00e0 une meilleure compr\u00e9hension des diff\u00e9rences, afin que leurs enfants puissent obtenir, malgr\u00e9 leur situation de handicap, une place \u00e0 part enti\u00e8re dans la soci\u00e9t\u00e9.","publisher":{"@id":"https:\/\/fk2kn2bvmtl.preview.infomaniak.website\/#organization"},"potentialAction":[{"@type":"SearchAction","target":{"@type":"EntryPoint","urlTemplate":"https:\/\/fk2kn2bvmtl.preview.infomaniak.website\/?s={search_term_string}"},"query-input":{"@type":"PropertyValueSpecification","valueRequired":true,"valueName":"search_term_string"}}],"inLanguage":"de"},{"@type":"Organization","@id":"https:\/\/fk2kn2bvmtl.preview.infomaniak.website\/#organization","name":"Cerebral Valais - Association Cerebral Valais\/Wallis","url":"https:\/\/fk2kn2bvmtl.preview.infomaniak.website\/","logo":{"@type":"ImageObject","inLanguage":"de","@id":"https:\/\/fk2kn2bvmtl.preview.infomaniak.website\/#\/schema\/logo\/image\/","url":"https:\/\/cerebral-vs.ch\/wp-content\/uploads\/2022\/09\/logo_cerebral_minimal.png","contentUrl":"https:\/\/cerebral-vs.ch\/wp-content\/uploads\/2022\/09\/logo_cerebral_minimal.png","width":158,"height":95,"caption":"Cerebral Valais - Association Cerebral Valais\/Wallis"},"image":{"@id":"https:\/\/fk2kn2bvmtl.preview.infomaniak.website\/#\/schema\/logo\/image\/"},"sameAs":["https:\/\/fr-fr.facebook.com\/cerebralvalais\/"]},{"@type":"Person","@id":"https:\/\/fk2kn2bvmtl.preview.infomaniak.website\/#\/schema\/person\/8a3c096f7f850a37079e732e7a377ab6","name":"cerebral","image":{"@type":"ImageObject","inLanguage":"de","@id":"https:\/\/secure.gravatar.com\/avatar\/d9901af343e4afbab418993f4e53fb321949bc089a32561c058d145f4c23e5b9?s=96&d=mm&r=g","url":"https:\/\/secure.gravatar.com\/avatar\/d9901af343e4afbab418993f4e53fb321949bc089a32561c058d145f4c23e5b9?s=96&d=mm&r=g","contentUrl":"https:\/\/secure.gravatar.com\/avatar\/d9901af343e4afbab418993f4e53fb321949bc089a32561c058d145f4c23e5b9?s=96&d=mm&r=g","caption":"cerebral"}}]}},"_links":{"self":[{"href":"https:\/\/cerebral-vs.ch\/de\/wp-json\/wp\/v2\/posts\/46782","targetHints":{"allow":["GET"]}}],"collection":[{"href":"https:\/\/cerebral-vs.ch\/de\/wp-json\/wp\/v2\/posts"}],"about":[{"href":"https:\/\/cerebral-vs.ch\/de\/wp-json\/wp\/v2\/types\/post"}],"author":[{"embeddable":true,"href":"https:\/\/cerebral-vs.ch\/de\/wp-json\/wp\/v2\/users\/2"}],"replies":[{"embeddable":true,"href":"https:\/\/cerebral-vs.ch\/de\/wp-json\/wp\/v2\/comments?post=46782"}],"version-history":[{"count":4,"href":"https:\/\/cerebral-vs.ch\/de\/wp-json\/wp\/v2\/posts\/46782\/revisions"}],"predecessor-version":[{"id":46786,"href":"https:\/\/cerebral-vs.ch\/de\/wp-json\/wp\/v2\/posts\/46782\/revisions\/46786"}],"wp:featuredmedia":[{"embeddable":true,"href":"https:\/\/cerebral-vs.ch\/de\/wp-json\/wp\/v2\/media\/46776"}],"wp:attachment":[{"href":"https:\/\/cerebral-vs.ch\/de\/wp-json\/wp\/v2\/media?parent=46782"}],"wp:term":[{"taxonomy":"category","embeddable":true,"href":"https:\/\/cerebral-vs.ch\/de\/wp-json\/wp\/v2\/categories?post=46782"},{"taxonomy":"post_tag","embeddable":true,"href":"https:\/\/cerebral-vs.ch\/de\/wp-json\/wp\/v2\/tags?post=46782"}],"curies":[{"name":"wp","href":"https:\/\/api.w.org\/{rel}","templated":true}]}}