{"id":46794,"date":"2026-05-01T09:32:09","date_gmt":"2026-05-01T07:32:09","guid":{"rendered":"https:\/\/cerebral-vs.ch\/?p=46794"},"modified":"2026-05-01T09:43:03","modified_gmt":"2026-05-01T07:43:03","slug":"couvert-a-bus-les-travaux-ont-debutes","status":"publish","type":"post","link":"https:\/\/cerebral-vs.ch\/de\/couvert-a-bus-les-travaux-ont-debutes\/","title":{"rendered":"Couvert \u00e0 bus, les travaux ont d\u00e9but\u00e9s !"},"content":{"rendered":"\t\t<div data-elementor-type=\"wp-post\" data-elementor-id=\"46794\" class=\"elementor elementor-46794 elementor-46788\">\n\t\t\t\t\t\t<section class=\"elementor-section elementor-top-section elementor-element elementor-element-6f23ad76 elementor-section-boxed elementor-section-height-default elementor-section-height-default sc_fly_static\" data-id=\"6f23ad76\" data-element_type=\"section\" data-e-type=\"section\">\n\t\t\t\t\t\t<div class=\"elementor-container elementor-column-gap-extended\">\n\t\t\t\t\t<div class=\"elementor-column elementor-col-100 elementor-top-column elementor-element elementor-element-7e17793c sc_content_align_inherit sc_layouts_column_icons_position_left sc_fly_static\" data-id=\"7e17793c\" data-element_type=\"column\" data-e-type=\"column\">\n\t\t\t<div class=\"elementor-widget-wrap elementor-element-populated\">\n\t\t\t\t\t\t<div class=\"elementor-element elementor-element-23bb9329 sc_fly_static elementor-widget elementor-widget-text-editor\" data-id=\"23bb9329\" data-element_type=\"widget\" data-e-type=\"widget\" data-widget_type=\"text-editor.default\">\n\t\t\t\t<div class=\"elementor-widget-container\">\n\t\t\t\t\t\t\t\t\t<h4 data-start=\"72\" data-end=\"109\"><strong data-start=\"72\" data-end=\"107\">Ca creuse chez Cerebral Valais<\/strong><\/h4><p class=\"isSelectedEnd\">\u00c0 V\u00e9troz, les travaux d\u2019agrandissement du couvert \u00e0 bus ont d\u00e9sormais d\u00e9but\u00e9, marquant une \u00e9tape importante dans l\u2019am\u00e9lioration de nos infrastructures et dans notre volont\u00e9 de r\u00e9pondre aux besoins et aux demandes exprim\u00e9s.<\/p><p class=\"isSelectedEnd\">Ce projet a \u00e9t\u00e9 pens\u00e9 avant tout pour am\u00e9liorer les conditions d\u2019accueil et d\u2019utilisation pour les personnes en situation de handicap et \u00e0 mobilit\u00e9 r\u00e9duite. Il permettra d\u2019abriter nos v\u00e9hicules adapt\u00e9s, essentiels pour garantir des d\u00e9placements s\u00fbrs, confortables et dignes \u00e0 celles et ceux qui en d\u00e9pendent au quotidien.<\/p><p class=\"isSelectedEnd\">Cette extension int\u00e8gre \u00e9galement un espace couvert d\u00e9di\u00e9 aux v\u00e9los, y compris des v\u00e9los adapt\u00e9s. Elle s\u2019inscrit dans une d\u00e9marche de mobilit\u00e9 douce et inclusive, afin de favoriser des d\u00e9placements adapt\u00e9s aux capacit\u00e9s de chacune et chacun.<\/p><p class=\"isSelectedEnd\">En lien direct avec les besoins du terrain et l\u2019\u00e9volution des usages, cet am\u00e9nagement renforce concr\u00e8tement la qualit\u00e9 et la continuit\u00e9 de nos infrastructures.<\/p><p>Un pas suppl\u00e9mentaire vers une mobilit\u00e9 plus humaine, plus accessible\u2026 un v\u00e9ritable vent de libert\u00e9.<\/p>\t\t\t\t\t\t\t\t<\/div>\n\t\t\t\t<\/div>\n\t\t\t\t\t<\/div>\n\t\t<\/div>\n\t\t\t\t\t<\/div>\n\t\t<\/section>\n\t\t\t\t<section class=\"elementor-section elementor-top-section elementor-element elementor-element-576a308 elementor-section-boxed elementor-section-height-default elementor-section-height-default sc_fly_static\" data-id=\"576a308\" data-element_type=\"section\" data-e-type=\"section\">\n\t\t\t\t\t\t<div class=\"elementor-container elementor-column-gap-extended\">\n\t\t\t\t\t<div class=\"elementor-column elementor-col-50 elementor-top-column elementor-element elementor-element-7bd94e0 sc_content_align_inherit sc_layouts_column_icons_position_left sc_fly_static\" data-id=\"7bd94e0\" data-element_type=\"column\" data-e-type=\"column\">\n\t\t\t<div class=\"elementor-widget-wrap elementor-element-populated\">\n\t\t\t\t\t\t<div class=\"elementor-element elementor-element-f312d4a sc_fly_static elementor-widget elementor-widget-image\" data-id=\"f312d4a\" data-element_type=\"widget\" data-e-type=\"widget\" data-widget_type=\"image.default\">\n\t\t\t\t<div class=\"elementor-widget-container\">\n\t\t\t\t\t\t\t\t\t\t\t\t\t\t\t<img decoding=\"async\" src=\"https:\/\/cerebral-vs.ch\/wp-content\/plugins\/elementor\/assets\/images\/placeholder.png\" title=\"\" alt=\"\" loading=\"lazy\" \/>\t\t\t\t\t\t\t\t\t\t\t\t\t\t\t<\/div>\n\t\t\t\t<\/div>\n\t\t\t\t\t<\/div>\n\t\t<\/div>\n\t\t\t\t<div class=\"elementor-column elementor-col-50 elementor-top-column elementor-element elementor-element-6b7d258 sc_content_align_inherit sc_layouts_column_icons_position_left sc_fly_static\" data-id=\"6b7d258\" data-element_type=\"column\" data-e-type=\"column\">\n\t\t\t<div class=\"elementor-widget-wrap elementor-element-populated\">\n\t\t\t\t\t\t<div class=\"elementor-element elementor-element-212a12b sc_fly_static elementor-widget elementor-widget-image\" data-id=\"212a12b\" data-element_type=\"widget\" data-e-type=\"widget\" data-widget_type=\"image.default\">\n\t\t\t\t<div class=\"elementor-widget-container\">\n\t\t\t\t\t\t\t\t\t\t\t\t\t\t\t<img decoding=\"async\" src=\"https:\/\/cerebral-vs.ch\/wp-content\/plugins\/elementor\/assets\/images\/placeholder.png\" title=\"\" alt=\"\" loading=\"lazy\" \/>\t\t\t\t\t\t\t\t\t\t\t\t\t\t\t<\/div>\n\t\t\t\t<\/div>\n\t\t\t\t\t<\/div>\n\t\t<\/div>\n\t\t\t\t\t<\/div>\n\t\t<\/section>\n\t\t\t\t<\/div>\n\t\t","protected":false},"excerpt":{"rendered":"<p>Ca creuse chez Cerebral Valais \u00c0 V\u00e9troz, les travaux d\u2019agrandissement du couvert \u00e0 bus ont&hellip;<\/p>\n","protected":false},"author":2,"featured_media":46795,"comment_status":"closed","ping_status":"closed","sticky":false,"template":"","format":"standard","meta":{"inline_featured_image":false,"footnotes":""},"categories":[224],"tags":[],"class_list":["post-46794","post","type-post","status-publish","format-standard","has-post-thumbnail","hentry","category-evenements-2-de"],"yoast_head":"<!-- This site is optimized with the Yoast SEO plugin v27.5 - https:\/\/yoast.com\/product\/yoast-seo-wordpress\/ -->\n<title>Couvert \u00e0 bus, les travaux ont d\u00e9but\u00e9s ! - Cerebral Valais<\/title>\n<meta name=\"robots\" content=\"index, follow, max-snippet:-1, max-image-preview:large, max-video-preview:-1\" \/>\n<link rel=\"canonical\" href=\"https:\/\/cerebral-vs.ch\/de\/couvert-a-bus-les-travaux-ont-debutes\/\" \/>\n<meta property=\"og:locale\" content=\"de_DE\" \/>\n<meta property=\"og:type\" content=\"article\" \/>\n<meta property=\"og:title\" content=\"Couvert \u00e0 bus, les travaux ont d\u00e9but\u00e9s ! - Cerebral Valais\" \/>\n<meta property=\"og:description\" content=\"Ca creuse chez Cerebral Valais \u00c0 V\u00e9troz, les travaux d\u2019agrandissement du couvert \u00e0 bus ont&hellip;\" \/>\n<meta property=\"og:url\" content=\"https:\/\/cerebral-vs.ch\/de\/couvert-a-bus-les-travaux-ont-debutes\/\" \/>\n<meta property=\"og:site_name\" content=\"Cerebral Valais\" \/>\n<meta property=\"article:publisher\" content=\"https:\/\/fr-fr.facebook.com\/cerebralvalais\/\" \/>\n<meta property=\"article:published_time\" content=\"2026-05-01T07:32:09+00:00\" \/>\n<meta property=\"article:modified_time\" content=\"2026-05-01T07:43:03+00:00\" \/>\n<meta property=\"og:image\" content=\"https:\/\/cerebral-vs.ch\/wp-content\/uploads\/2026\/05\/travaux.jpg\" \/>\n\t<meta property=\"og:image:width\" content=\"925\" \/>\n\t<meta property=\"og:image:height\" content=\"682\" \/>\n\t<meta property=\"og:image:type\" content=\"image\/jpeg\" \/>\n<meta name=\"author\" content=\"cerebral\" \/>\n<meta name=\"twitter:card\" content=\"summary_large_image\" \/>\n<meta name=\"twitter:label1\" content=\"Verfasst von\" \/>\n\t<meta name=\"twitter:data1\" content=\"cerebral\" \/>\n\t<meta name=\"twitter:label2\" content=\"Gesch\u00e4tzte Lesezeit\" \/>\n\t<meta name=\"twitter:data2\" content=\"2\u00a0Minuten\" \/>\n<script type=\"application\/ld+json\" class=\"yoast-schema-graph\">{\"@context\":\"https:\\\/\\\/schema.org\",\"@graph\":[{\"@type\":\"Article\",\"@id\":\"https:\\\/\\\/cerebral-vs.ch\\\/de\\\/couvert-a-bus-les-travaux-ont-debutes\\\/#article\",\"isPartOf\":{\"@id\":\"https:\\\/\\\/cerebral-vs.ch\\\/de\\\/couvert-a-bus-les-travaux-ont-debutes\\\/\"},\"author\":{\"name\":\"cerebral\",\"@id\":\"https:\\\/\\\/fk2kn2bvmtl.preview.infomaniak.website\\\/#\\\/schema\\\/person\\\/8a3c096f7f850a37079e732e7a377ab6\"},\"headline\":\"Couvert \u00e0 bus, les travaux ont d\u00e9but\u00e9s !\",\"datePublished\":\"2026-05-01T07:32:09+00:00\",\"dateModified\":\"2026-05-01T07:43:03+00:00\",\"mainEntityOfPage\":{\"@id\":\"https:\\\/\\\/cerebral-vs.ch\\\/de\\\/couvert-a-bus-les-travaux-ont-debutes\\\/\"},\"wordCount\":200,\"publisher\":{\"@id\":\"https:\\\/\\\/fk2kn2bvmtl.preview.infomaniak.website\\\/#organization\"},\"image\":{\"@id\":\"https:\\\/\\\/cerebral-vs.ch\\\/de\\\/couvert-a-bus-les-travaux-ont-debutes\\\/#primaryimage\"},\"thumbnailUrl\":\"https:\\\/\\\/cerebral-vs.ch\\\/wp-content\\\/uploads\\\/2026\\\/05\\\/travaux.jpg\",\"articleSection\":[\"Ev\u00e8nements\"],\"inLanguage\":\"de\"},{\"@type\":\"WebPage\",\"@id\":\"https:\\\/\\\/cerebral-vs.ch\\\/de\\\/couvert-a-bus-les-travaux-ont-debutes\\\/\",\"url\":\"https:\\\/\\\/cerebral-vs.ch\\\/de\\\/couvert-a-bus-les-travaux-ont-debutes\\\/\",\"name\":\"Couvert \u00e0 bus, les travaux ont d\u00e9but\u00e9s ! - Cerebral Valais\",\"isPartOf\":{\"@id\":\"https:\\\/\\\/fk2kn2bvmtl.preview.infomaniak.website\\\/#website\"},\"primaryImageOfPage\":{\"@id\":\"https:\\\/\\\/cerebral-vs.ch\\\/de\\\/couvert-a-bus-les-travaux-ont-debutes\\\/#primaryimage\"},\"image\":{\"@id\":\"https:\\\/\\\/cerebral-vs.ch\\\/de\\\/couvert-a-bus-les-travaux-ont-debutes\\\/#primaryimage\"},\"thumbnailUrl\":\"https:\\\/\\\/cerebral-vs.ch\\\/wp-content\\\/uploads\\\/2026\\\/05\\\/travaux.jpg\",\"datePublished\":\"2026-05-01T07:32:09+00:00\",\"dateModified\":\"2026-05-01T07:43:03+00:00\",\"breadcrumb\":{\"@id\":\"https:\\\/\\\/cerebral-vs.ch\\\/de\\\/couvert-a-bus-les-travaux-ont-debutes\\\/#breadcrumb\"},\"inLanguage\":\"de\",\"potentialAction\":[{\"@type\":\"ReadAction\",\"target\":[\"https:\\\/\\\/cerebral-vs.ch\\\/de\\\/couvert-a-bus-les-travaux-ont-debutes\\\/\"]}]},{\"@type\":\"ImageObject\",\"inLanguage\":\"de\",\"@id\":\"https:\\\/\\\/cerebral-vs.ch\\\/de\\\/couvert-a-bus-les-travaux-ont-debutes\\\/#primaryimage\",\"url\":\"https:\\\/\\\/cerebral-vs.ch\\\/wp-content\\\/uploads\\\/2026\\\/05\\\/travaux.jpg\",\"contentUrl\":\"https:\\\/\\\/cerebral-vs.ch\\\/wp-content\\\/uploads\\\/2026\\\/05\\\/travaux.jpg\",\"width\":925,\"height\":682},{\"@type\":\"BreadcrumbList\",\"@id\":\"https:\\\/\\\/cerebral-vs.ch\\\/de\\\/couvert-a-bus-les-travaux-ont-debutes\\\/#breadcrumb\",\"itemListElement\":[{\"@type\":\"ListItem\",\"position\":1,\"name\":\"Accueil\",\"item\":\"https:\\\/\\\/cerebral-vs.ch\\\/de\\\/\"},{\"@type\":\"ListItem\",\"position\":2,\"name\":\"Couvert \u00e0 bus, les travaux ont d\u00e9but\u00e9s !\"}]},{\"@type\":\"WebSite\",\"@id\":\"https:\\\/\\\/fk2kn2bvmtl.preview.infomaniak.website\\\/#website\",\"url\":\"https:\\\/\\\/fk2kn2bvmtl.preview.infomaniak.website\\\/\",\"name\":\"Cerebral Valais - Association Cerebral Valais\\\/Wallis\",\"description\":\"Cerebral Valais est une association de parents d&#039;enfants IMC qui \u0153uvre \u00e0 la d\u00e9fense de leurs int\u00e9r\u00eats, ainsi qu&#039;\u00e0 une meilleure compr\u00e9hension des diff\u00e9rences, afin que leurs enfants puissent obtenir, malgr\u00e9 leur situation de handicap, une place \u00e0 part enti\u00e8re dans la soci\u00e9t\u00e9.\",\"publisher\":{\"@id\":\"https:\\\/\\\/fk2kn2bvmtl.preview.infomaniak.website\\\/#organization\"},\"potentialAction\":[{\"@type\":\"SearchAction\",\"target\":{\"@type\":\"EntryPoint\",\"urlTemplate\":\"https:\\\/\\\/fk2kn2bvmtl.preview.infomaniak.website\\\/?s={search_term_string}\"},\"query-input\":{\"@type\":\"PropertyValueSpecification\",\"valueRequired\":true,\"valueName\":\"search_term_string\"}}],\"inLanguage\":\"de\"},{\"@type\":\"Organization\",\"@id\":\"https:\\\/\\\/fk2kn2bvmtl.preview.infomaniak.website\\\/#organization\",\"name\":\"Cerebral Valais - Association Cerebral Valais\\\/Wallis\",\"url\":\"https:\\\/\\\/fk2kn2bvmtl.preview.infomaniak.website\\\/\",\"logo\":{\"@type\":\"ImageObject\",\"inLanguage\":\"de\",\"@id\":\"https:\\\/\\\/fk2kn2bvmtl.preview.infomaniak.website\\\/#\\\/schema\\\/logo\\\/image\\\/\",\"url\":\"https:\\\/\\\/cerebral-vs.ch\\\/wp-content\\\/uploads\\\/2022\\\/09\\\/logo_cerebral_minimal.png\",\"contentUrl\":\"https:\\\/\\\/cerebral-vs.ch\\\/wp-content\\\/uploads\\\/2022\\\/09\\\/logo_cerebral_minimal.png\",\"width\":158,\"height\":95,\"caption\":\"Cerebral Valais - Association Cerebral Valais\\\/Wallis\"},\"image\":{\"@id\":\"https:\\\/\\\/fk2kn2bvmtl.preview.infomaniak.website\\\/#\\\/schema\\\/logo\\\/image\\\/\"},\"sameAs\":[\"https:\\\/\\\/fr-fr.facebook.com\\\/cerebralvalais\\\/\"]},{\"@type\":\"Person\",\"@id\":\"https:\\\/\\\/fk2kn2bvmtl.preview.infomaniak.website\\\/#\\\/schema\\\/person\\\/8a3c096f7f850a37079e732e7a377ab6\",\"name\":\"cerebral\",\"image\":{\"@type\":\"ImageObject\",\"inLanguage\":\"de\",\"@id\":\"https:\\\/\\\/secure.gravatar.com\\\/avatar\\\/d9901af343e4afbab418993f4e53fb321949bc089a32561c058d145f4c23e5b9?s=96&d=mm&r=g\",\"url\":\"https:\\\/\\\/secure.gravatar.com\\\/avatar\\\/d9901af343e4afbab418993f4e53fb321949bc089a32561c058d145f4c23e5b9?s=96&d=mm&r=g\",\"contentUrl\":\"https:\\\/\\\/secure.gravatar.com\\\/avatar\\\/d9901af343e4afbab418993f4e53fb321949bc089a32561c058d145f4c23e5b9?s=96&d=mm&r=g\",\"caption\":\"cerebral\"}}]}<\/script>\n<!-- \/ Yoast SEO plugin. -->","yoast_head_json":{"title":"Couvert \u00e0 bus, les travaux ont d\u00e9but\u00e9s ! - Cerebral Valais","robots":{"index":"index","follow":"follow","max-snippet":"max-snippet:-1","max-image-preview":"max-image-preview:large","max-video-preview":"max-video-preview:-1"},"canonical":"https:\/\/cerebral-vs.ch\/de\/couvert-a-bus-les-travaux-ont-debutes\/","og_locale":"de_DE","og_type":"article","og_title":"Couvert \u00e0 bus, les travaux ont d\u00e9but\u00e9s ! - Cerebral Valais","og_description":"Ca creuse chez Cerebral Valais \u00c0 V\u00e9troz, les travaux d\u2019agrandissement du couvert \u00e0 bus ont&hellip;","og_url":"https:\/\/cerebral-vs.ch\/de\/couvert-a-bus-les-travaux-ont-debutes\/","og_site_name":"Cerebral Valais","article_publisher":"https:\/\/fr-fr.facebook.com\/cerebralvalais\/","article_published_time":"2026-05-01T07:32:09+00:00","article_modified_time":"2026-05-01T07:43:03+00:00","og_image":[{"width":925,"height":682,"url":"https:\/\/cerebral-vs.ch\/wp-content\/uploads\/2026\/05\/travaux.jpg","type":"image\/jpeg"}],"author":"cerebral","twitter_card":"summary_large_image","twitter_misc":{"Verfasst von":"cerebral","Gesch\u00e4tzte Lesezeit":"2\u00a0Minuten"},"schema":{"@context":"https:\/\/schema.org","@graph":[{"@type":"Article","@id":"https:\/\/cerebral-vs.ch\/de\/couvert-a-bus-les-travaux-ont-debutes\/#article","isPartOf":{"@id":"https:\/\/cerebral-vs.ch\/de\/couvert-a-bus-les-travaux-ont-debutes\/"},"author":{"name":"cerebral","@id":"https:\/\/fk2kn2bvmtl.preview.infomaniak.website\/#\/schema\/person\/8a3c096f7f850a37079e732e7a377ab6"},"headline":"Couvert \u00e0 bus, les travaux ont d\u00e9but\u00e9s !","datePublished":"2026-05-01T07:32:09+00:00","dateModified":"2026-05-01T07:43:03+00:00","mainEntityOfPage":{"@id":"https:\/\/cerebral-vs.ch\/de\/couvert-a-bus-les-travaux-ont-debutes\/"},"wordCount":200,"publisher":{"@id":"https:\/\/fk2kn2bvmtl.preview.infomaniak.website\/#organization"},"image":{"@id":"https:\/\/cerebral-vs.ch\/de\/couvert-a-bus-les-travaux-ont-debutes\/#primaryimage"},"thumbnailUrl":"https:\/\/cerebral-vs.ch\/wp-content\/uploads\/2026\/05\/travaux.jpg","articleSection":["Ev\u00e8nements"],"inLanguage":"de"},{"@type":"WebPage","@id":"https:\/\/cerebral-vs.ch\/de\/couvert-a-bus-les-travaux-ont-debutes\/","url":"https:\/\/cerebral-vs.ch\/de\/couvert-a-bus-les-travaux-ont-debutes\/","name":"Couvert \u00e0 bus, les travaux ont d\u00e9but\u00e9s ! - Cerebral Valais","isPartOf":{"@id":"https:\/\/fk2kn2bvmtl.preview.infomaniak.website\/#website"},"primaryImageOfPage":{"@id":"https:\/\/cerebral-vs.ch\/de\/couvert-a-bus-les-travaux-ont-debutes\/#primaryimage"},"image":{"@id":"https:\/\/cerebral-vs.ch\/de\/couvert-a-bus-les-travaux-ont-debutes\/#primaryimage"},"thumbnailUrl":"https:\/\/cerebral-vs.ch\/wp-content\/uploads\/2026\/05\/travaux.jpg","datePublished":"2026-05-01T07:32:09+00:00","dateModified":"2026-05-01T07:43:03+00:00","breadcrumb":{"@id":"https:\/\/cerebral-vs.ch\/de\/couvert-a-bus-les-travaux-ont-debutes\/#breadcrumb"},"inLanguage":"de","potentialAction":[{"@type":"ReadAction","target":["https:\/\/cerebral-vs.ch\/de\/couvert-a-bus-les-travaux-ont-debutes\/"]}]},{"@type":"ImageObject","inLanguage":"de","@id":"https:\/\/cerebral-vs.ch\/de\/couvert-a-bus-les-travaux-ont-debutes\/#primaryimage","url":"https:\/\/cerebral-vs.ch\/wp-content\/uploads\/2026\/05\/travaux.jpg","contentUrl":"https:\/\/cerebral-vs.ch\/wp-content\/uploads\/2026\/05\/travaux.jpg","width":925,"height":682},{"@type":"BreadcrumbList","@id":"https:\/\/cerebral-vs.ch\/de\/couvert-a-bus-les-travaux-ont-debutes\/#breadcrumb","itemListElement":[{"@type":"ListItem","position":1,"name":"Accueil","item":"https:\/\/cerebral-vs.ch\/de\/"},{"@type":"ListItem","position":2,"name":"Couvert \u00e0 bus, les travaux ont d\u00e9but\u00e9s !"}]},{"@type":"WebSite","@id":"https:\/\/fk2kn2bvmtl.preview.infomaniak.website\/#website","url":"https:\/\/fk2kn2bvmtl.preview.infomaniak.website\/","name":"Cerebral Valais - Association Cerebral Valais\/Wallis","description":"Cerebral Valais est une association de parents d&#039;enfants IMC qui \u0153uvre \u00e0 la d\u00e9fense de leurs int\u00e9r\u00eats, ainsi qu&#039;\u00e0 une meilleure compr\u00e9hension des diff\u00e9rences, afin que leurs enfants puissent obtenir, malgr\u00e9 leur situation de handicap, une place \u00e0 part enti\u00e8re dans la soci\u00e9t\u00e9.","publisher":{"@id":"https:\/\/fk2kn2bvmtl.preview.infomaniak.website\/#organization"},"potentialAction":[{"@type":"SearchAction","target":{"@type":"EntryPoint","urlTemplate":"https:\/\/fk2kn2bvmtl.preview.infomaniak.website\/?s={search_term_string}"},"query-input":{"@type":"PropertyValueSpecification","valueRequired":true,"valueName":"search_term_string"}}],"inLanguage":"de"},{"@type":"Organization","@id":"https:\/\/fk2kn2bvmtl.preview.infomaniak.website\/#organization","name":"Cerebral Valais - Association Cerebral Valais\/Wallis","url":"https:\/\/fk2kn2bvmtl.preview.infomaniak.website\/","logo":{"@type":"ImageObject","inLanguage":"de","@id":"https:\/\/fk2kn2bvmtl.preview.infomaniak.website\/#\/schema\/logo\/image\/","url":"https:\/\/cerebral-vs.ch\/wp-content\/uploads\/2022\/09\/logo_cerebral_minimal.png","contentUrl":"https:\/\/cerebral-vs.ch\/wp-content\/uploads\/2022\/09\/logo_cerebral_minimal.png","width":158,"height":95,"caption":"Cerebral Valais - Association Cerebral Valais\/Wallis"},"image":{"@id":"https:\/\/fk2kn2bvmtl.preview.infomaniak.website\/#\/schema\/logo\/image\/"},"sameAs":["https:\/\/fr-fr.facebook.com\/cerebralvalais\/"]},{"@type":"Person","@id":"https:\/\/fk2kn2bvmtl.preview.infomaniak.website\/#\/schema\/person\/8a3c096f7f850a37079e732e7a377ab6","name":"cerebral","image":{"@type":"ImageObject","inLanguage":"de","@id":"https:\/\/secure.gravatar.com\/avatar\/d9901af343e4afbab418993f4e53fb321949bc089a32561c058d145f4c23e5b9?s=96&d=mm&r=g","url":"https:\/\/secure.gravatar.com\/avatar\/d9901af343e4afbab418993f4e53fb321949bc089a32561c058d145f4c23e5b9?s=96&d=mm&r=g","contentUrl":"https:\/\/secure.gravatar.com\/avatar\/d9901af343e4afbab418993f4e53fb321949bc089a32561c058d145f4c23e5b9?s=96&d=mm&r=g","caption":"cerebral"}}]}},"_links":{"self":[{"href":"https:\/\/cerebral-vs.ch\/de\/wp-json\/wp\/v2\/posts\/46794","targetHints":{"allow":["GET"]}}],"collection":[{"href":"https:\/\/cerebral-vs.ch\/de\/wp-json\/wp\/v2\/posts"}],"about":[{"href":"https:\/\/cerebral-vs.ch\/de\/wp-json\/wp\/v2\/types\/post"}],"author":[{"embeddable":true,"href":"https:\/\/cerebral-vs.ch\/de\/wp-json\/wp\/v2\/users\/2"}],"replies":[{"embeddable":true,"href":"https:\/\/cerebral-vs.ch\/de\/wp-json\/wp\/v2\/comments?post=46794"}],"version-history":[{"count":4,"href":"https:\/\/cerebral-vs.ch\/de\/wp-json\/wp\/v2\/posts\/46794\/revisions"}],"predecessor-version":[{"id":46800,"href":"https:\/\/cerebral-vs.ch\/de\/wp-json\/wp\/v2\/posts\/46794\/revisions\/46800"}],"wp:featuredmedia":[{"embeddable":true,"href":"https:\/\/cerebral-vs.ch\/de\/wp-json\/wp\/v2\/media\/46795"}],"wp:attachment":[{"href":"https:\/\/cerebral-vs.ch\/de\/wp-json\/wp\/v2\/media?parent=46794"}],"wp:term":[{"taxonomy":"category","embeddable":true,"href":"https:\/\/cerebral-vs.ch\/de\/wp-json\/wp\/v2\/categories?post=46794"},{"taxonomy":"post_tag","embeddable":true,"href":"https:\/\/cerebral-vs.ch\/de\/wp-json\/wp\/v2\/tags?post=46794"}],"curies":[{"name":"wp","href":"https:\/\/api.w.org\/{rel}","templated":true}]}}