{"id":47885,"date":"2026-09-01T11:29:24","date_gmt":"2026-09-01T09:29:24","guid":{"rendered":"https:\/\/cerebral-vs.ch\/?p=47885"},"modified":"2026-09-01T11:35:55","modified_gmt":"2026-09-01T09:35:55","slug":"01-09-2026-werbung-ceragility-visp-21-11-2026","status":"publish","type":"post","link":"https:\/\/cerebral-vs.ch\/de\/01-09-2026-werbung-ceragility-visp-21-11-2026\/","title":{"rendered":"01.09.2026 &#8211; Werbung CerAgility Visp 21.11.2026"},"content":{"rendered":"\t\t<div data-elementor-type=\"wp-post\" data-elementor-id=\"47885\" class=\"elementor elementor-47885 elementor-47870\">\n\t\t\t\t\t\t<section class=\"elementor-section elementor-top-section elementor-element elementor-element-f38511a elementor-section-boxed elementor-section-height-default elementor-section-height-default sc_fly_static\" data-id=\"f38511a\" data-element_type=\"section\" data-e-type=\"section\">\n\t\t\t\t\t\t<div class=\"elementor-container elementor-column-gap-extended\">\n\t\t\t\t\t<div class=\"elementor-column elementor-col-100 elementor-top-column elementor-element elementor-element-41c2b322 sc_content_align_inherit sc_layouts_column_icons_position_left sc_fly_static\" data-id=\"41c2b322\" data-element_type=\"column\" data-e-type=\"column\">\n\t\t\t<div class=\"elementor-widget-wrap elementor-element-populated\">\n\t\t\t\t\t\t<div class=\"elementor-element elementor-element-52f2a7c8 sc_fly_static elementor-widget elementor-widget-text-editor\" data-id=\"52f2a7c8\" data-element_type=\"widget\" data-e-type=\"widget\" data-widget_type=\"text-editor.default\">\n\t\t\t\t<div class=\"elementor-widget-container\">\n\t\t\t\t\t\t\t\t\t<p>Hallo!<\/p><p>Ich freue mich total, dir das CerAgility-Treffen in Visp vom 21. November anzuk\u00fcndigen! Das ist eine super Gelegenheit, um sich mit anderen aus der ganzen Schweiz auszutauschen, Neues zu lernen und gemeinsam etwas zu unternehmen.<\/p><p>CerAgility ist ein Netzwerk f\u00fcr Menschen, die mit einer Behinderung oder Krankheit leben. Es wird organisiert von der Dachorganisation Vereinigung Cerebral Schweiz. Das Treffen richtet sich speziell an alle, die Lust haben, sich zu reflektieren, auszutauschen und sich zu engagieren.<\/p><p>Es geht vor allem um Weiterbildung und Vernetzung \u2013 also genau das Richtige, um sich und andere besser kennen zu lernen!<\/p><p>Nach unserem tollen zweisprachigen Weekend in Basel \/ Europa-Park planen wir das n\u00e4chste CerAgility-Treffen auf Deutsch und Franz\u00f6sisch.<\/p><p>\ud83d\udcc5\u00a0\u00a0\u00a0\u00a0\u00a0 <strong>Wann:<\/strong> Samstag, 21. November von 14 bis 17 Uhr.<\/p><p><strong>\ud83d\udccd \u00a0\u00a0\u00a0\u00a0\u00a0\u00a0\u00a0 Wo<\/strong>: in Visp (der genaue Ort wird im Oktober bekannt gegeben).<\/p><p>\ud83d\udca1<strong> \u00a0\u00a0\u00a0\u00a0\u00a0\u00a0 Thema<\/strong>: gem\u00e4ss Umfrage auf unserer WhatsApp Gruppe, wird noch bekannt gegeben.<\/p><p>\ud83d\udeb6\u200d\u2640\ufe0f\ud83d\udeb6\u200d\u2642\ufe0f\u00a0\u00a0 Davor oder danach unternehmen wir noch etwas zusammen.<\/p><p>\u270d\ufe0f\u00a0\u00a0\u00a0\u00a0\u00a0 Wenn du dabei sein m\u00f6chtest, schick mir einfach eine E-Mail an <a href=\"javascript:__wpsk_cNMLHX0Q('\\u003e\\u0032\\u003a\\u003d\\u0045\\u0040\\u0069\\u0047\\u0032\\u003f\\u0036\\u0044\\u0044\\u0032\\u005d\\u003d\\u0036\\u0046\\u0045\\u0039\\u0040\\u003d\\u0035\\u006f\\u0047\\u0036\\u0043\\u0036\\u003a\\u003f\\u003a\\u0038\\u0046\\u003f\\u0038\\u005c\\u0034\\u0036\\u0043\\u0036\\u0033\\u0043\\u0032\\u003d\\u005d\\u0034\\u0039');\"><span class=\"__wpsk_Y6qMOmbb\">hc&#x2e;larberec-gnuginierev&#064;dlohtuel&#x2e;assenav<\/span><\/a> oder ein <a href=\"https:\/\/api.whatsapp.com\/send\/?phone=41782229493&amp;text&amp;type=phone_number&amp;app_absent=0\">WhatsApp<\/a> (078 222 94 93). Weitere Informationen schicke ich dir gerne nach der Anmeldung.<\/p><p>Damit du noch ein bisschen mehr \u00fcber mich weisst:<\/p><p>Ich bin Vanessa, die Leiterin von CerAgility. Ich habe dieses Netzwerk gegr\u00fcndet, weil es mir wichtig ist, dass wir Erfahrungen austauschen, in unsere St\u00e4rke kommen und uns gegenseitig unterst\u00fctzen k\u00f6nnen. Ich habe eine Coaching-Ausbildung und bin Peer \u2013 das bedeutet, ich lebe mit einer Cerebralparese und kenne die Herausforderungen aus eigener Erfahrung. Ich m\u00f6chte anderen dabei helfen, ihre Ressourcen zu entdecken und zu st\u00e4rken.<\/p><p>Ich freue mich schon riesig auf das Treffen und darauf, dich kennenzulernen! Wenn du Fragen hast, melde dich einfach. \ud83d\ude0a Mehr Infos zu CerAgility findest du auch auf unserer Webseite: <a href=\"https:\/\/www.vereinigung-cerebral.ch\/de\/dienstleistungen\/netzwerk-ceragility\">https:\/\/www.vereinigung-cerebral.ch\/de\/dienstleistungen\/netzwerk-ceragility<\/a><\/p><p><span style=\"font-size: 17px; background-color: var(--theme-color-bg_color); color: var(--theme-color-text); letter-spacing: var(--theme-font-p_letter-spacing); text-transform: var(--theme-font-p_text-transform);\">\u00a0<\/span><\/p>\t\t\t\t\t\t\t\t<\/div>\n\t\t\t\t<\/div>\n\t\t\t\t\t<\/div>\n\t\t<\/div>\n\t\t\t\t\t<\/div>\n\t\t<\/section>\n\t\t\t\t<section class=\"elementor-section elementor-top-section elementor-element elementor-element-11c95a6 elementor-section-boxed elementor-section-height-default elementor-section-height-default sc_fly_static\" data-id=\"11c95a6\" data-element_type=\"section\" data-e-type=\"section\">\n\t\t\t\t\t\t<div class=\"elementor-container elementor-column-gap-extended\">\n\t\t\t\t\t<div class=\"elementor-column elementor-col-100 elementor-top-column elementor-element elementor-element-d9807e5 sc_content_align_inherit sc_layouts_column_icons_position_left sc_fly_static\" data-id=\"d9807e5\" data-element_type=\"column\" data-e-type=\"column\">\n\t\t\t<div class=\"elementor-widget-wrap elementor-element-populated\">\n\t\t\t\t\t\t<div class=\"elementor-element elementor-element-a217eeb sc_fly_static elementor-widget elementor-widget-image\" data-id=\"a217eeb\" data-element_type=\"widget\" data-e-type=\"widget\" data-widget_type=\"image.default\">\n\t\t\t\t<div class=\"elementor-widget-container\">\n\t\t\t\t\t\t\t\t\t\t\t\t\t\t\t<img fetchpriority=\"high\" decoding=\"async\" width=\"473\" height=\"1024\" src=\"https:\/\/cerebral-vs.ch\/wp-content\/uploads\/2026\/09\/IMG-20240905-WA0012-473x1024.jpg\" class=\"attachment-large size-large wp-image-47874\" alt=\"\" srcset=\"https:\/\/cerebral-vs.ch\/wp-content\/uploads\/2026\/09\/IMG-20240905-WA0012-473x1024.jpg 473w, https:\/\/cerebral-vs.ch\/wp-content\/uploads\/2026\/09\/IMG-20240905-WA0012-139x300.jpg 139w, https:\/\/cerebral-vs.ch\/wp-content\/uploads\/2026\/09\/IMG-20240905-WA0012-768x1662.jpg 768w, https:\/\/cerebral-vs.ch\/wp-content\/uploads\/2026\/09\/IMG-20240905-WA0012-710x1536.jpg 710w, https:\/\/cerebral-vs.ch\/wp-content\/uploads\/2026\/09\/IMG-20240905-WA0012-370x801.jpg 370w, https:\/\/cerebral-vs.ch\/wp-content\/uploads\/2026\/09\/IMG-20240905-WA0012-840x1818.jpg 840w, https:\/\/cerebral-vs.ch\/wp-content\/uploads\/2026\/09\/IMG-20240905-WA0012-410x887.jpg 410w, https:\/\/cerebral-vs.ch\/wp-content\/uploads\/2026\/09\/IMG-20240905-WA0012.jpg 924w\" sizes=\"(max-width: 600px) 100vw, 473px\" \/>\t\t\t\t\t\t\t\t\t\t\t\t\t\t\t<\/div>\n\t\t\t\t<\/div>\n\t\t\t\t\t<\/div>\n\t\t<\/div>\n\t\t\t\t\t<\/div>\n\t\t<\/section>\n\t\t\t\t<\/div>\n\t\t","protected":false},"excerpt":{"rendered":"<p>Hallo! Ich freue mich total, dir das CerAgility-Treffen in Visp vom 21. November anzuk\u00fcndigen! Das&hellip;<\/p>\n","protected":false},"author":2,"featured_media":47872,"comment_status":"closed","ping_status":"closed","sticky":false,"template":"","format":"standard","meta":{"inline_featured_image":false,"footnotes":""},"categories":[224],"tags":[],"class_list":["post-47885","post","type-post","status-publish","format-standard","has-post-thumbnail","hentry","category-evenements-2-de"],"yoast_head":"<!-- This site is optimized with the Yoast SEO plugin v28.3 - https:\/\/yoast.com\/product\/yoast-seo-wordpress\/ -->\n<title>01.09.2026 - Werbung CerAgility Visp 21.11.2026 - Cerebral Valais<\/title>\n<meta name=\"robots\" content=\"index, follow, max-snippet:-1, max-image-preview:large, max-video-preview:-1\" \/>\n<link rel=\"canonical\" href=\"https:\/\/cerebral-vs.ch\/de\/01-09-2026-werbung-ceragility-visp-21-11-2026\/\" \/>\n<meta property=\"og:locale\" content=\"de_DE\" \/>\n<meta property=\"og:type\" content=\"article\" \/>\n<meta property=\"og:title\" content=\"01.09.2026 - Werbung CerAgility Visp 21.11.2026 - Cerebral Valais\" \/>\n<meta property=\"og:description\" content=\"Hallo! Ich freue mich total, dir das CerAgility-Treffen in Visp vom 21. November anzuk\u00fcndigen! Das&hellip;\" \/>\n<meta property=\"og:url\" content=\"https:\/\/cerebral-vs.ch\/de\/01-09-2026-werbung-ceragility-visp-21-11-2026\/\" \/>\n<meta property=\"og:site_name\" content=\"Cerebral Valais\" \/>\n<meta property=\"article:publisher\" content=\"https:\/\/fr-fr.facebook.com\/cerebralvalais\/\" \/>\n<meta property=\"article:published_time\" content=\"2026-09-01T09:29:24+00:00\" \/>\n<meta property=\"article:modified_time\" content=\"2026-09-01T09:35:55+00:00\" \/>\n<meta property=\"og:image\" content=\"https:\/\/cerebral-vs.ch\/wp-content\/uploads\/2026\/09\/IMG_2882-1-scaled.jpeg\" \/>\n\t<meta property=\"og:image:width\" content=\"2560\" \/>\n\t<meta property=\"og:image:height\" content=\"1440\" \/>\n\t<meta property=\"og:image:type\" content=\"image\/jpeg\" \/>\n<meta name=\"author\" content=\"cerebral\" \/>\n<meta name=\"twitter:card\" content=\"summary_large_image\" \/>\n<meta name=\"twitter:label1\" content=\"Verfasst von\" \/>\n\t<meta name=\"twitter:data1\" content=\"cerebral\" \/>\n\t<meta name=\"twitter:label2\" content=\"Gesch\u00e4tzte Lesezeit\" \/>\n\t<meta name=\"twitter:data2\" content=\"3\u00a0Minuten\" \/>\n<script type=\"application\/ld+json\" class=\"yoast-schema-graph\">{\"@context\":\"https:\\\/\\\/schema.org\",\"@graph\":[{\"@type\":\"Article\",\"@id\":\"https:\\\/\\\/cerebral-vs.ch\\\/de\\\/01-09-2026-werbung-ceragility-visp-21-11-2026\\\/#article\",\"isPartOf\":{\"@id\":\"https:\\\/\\\/cerebral-vs.ch\\\/de\\\/01-09-2026-werbung-ceragility-visp-21-11-2026\\\/\"},\"author\":{\"name\":\"cerebral\",\"@id\":\"https:\\\/\\\/fk2kn2bvmtl.preview.infomaniak.website\\\/#\\\/schema\\\/person\\\/8a3c096f7f850a37079e732e7a377ab6\"},\"headline\":\"01.09.2026 &#8211; Werbung CerAgility Visp 21.11.2026\",\"datePublished\":\"2026-09-01T09:29:24+00:00\",\"dateModified\":\"2026-09-01T09:35:55+00:00\",\"mainEntityOfPage\":{\"@id\":\"https:\\\/\\\/cerebral-vs.ch\\\/de\\\/01-09-2026-werbung-ceragility-visp-21-11-2026\\\/\"},\"wordCount\":299,\"publisher\":{\"@id\":\"https:\\\/\\\/fk2kn2bvmtl.preview.infomaniak.website\\\/#organization\"},\"image\":{\"@id\":\"https:\\\/\\\/cerebral-vs.ch\\\/de\\\/01-09-2026-werbung-ceragility-visp-21-11-2026\\\/#primaryimage\"},\"thumbnailUrl\":\"https:\\\/\\\/cerebral-vs.ch\\\/wp-content\\\/uploads\\\/2026\\\/09\\\/IMG_2882-1-scaled.jpeg\",\"articleSection\":[\"Ev\u00e8nements\"],\"inLanguage\":\"de\"},{\"@type\":\"WebPage\",\"@id\":\"https:\\\/\\\/cerebral-vs.ch\\\/de\\\/01-09-2026-werbung-ceragility-visp-21-11-2026\\\/\",\"url\":\"https:\\\/\\\/cerebral-vs.ch\\\/de\\\/01-09-2026-werbung-ceragility-visp-21-11-2026\\\/\",\"name\":\"01.09.2026 - Werbung CerAgility Visp 21.11.2026 - Cerebral Valais\",\"isPartOf\":{\"@id\":\"https:\\\/\\\/fk2kn2bvmtl.preview.infomaniak.website\\\/#website\"},\"primaryImageOfPage\":{\"@id\":\"https:\\\/\\\/cerebral-vs.ch\\\/de\\\/01-09-2026-werbung-ceragility-visp-21-11-2026\\\/#primaryimage\"},\"image\":{\"@id\":\"https:\\\/\\\/cerebral-vs.ch\\\/de\\\/01-09-2026-werbung-ceragility-visp-21-11-2026\\\/#primaryimage\"},\"thumbnailUrl\":\"https:\\\/\\\/cerebral-vs.ch\\\/wp-content\\\/uploads\\\/2026\\\/09\\\/IMG_2882-1-scaled.jpeg\",\"datePublished\":\"2026-09-01T09:29:24+00:00\",\"dateModified\":\"2026-09-01T09:35:55+00:00\",\"breadcrumb\":{\"@id\":\"https:\\\/\\\/cerebral-vs.ch\\\/de\\\/01-09-2026-werbung-ceragility-visp-21-11-2026\\\/#breadcrumb\"},\"inLanguage\":\"de\",\"potentialAction\":[{\"@type\":\"ReadAction\",\"target\":[\"https:\\\/\\\/cerebral-vs.ch\\\/de\\\/01-09-2026-werbung-ceragility-visp-21-11-2026\\\/\"]}]},{\"@type\":\"ImageObject\",\"inLanguage\":\"de\",\"@id\":\"https:\\\/\\\/cerebral-vs.ch\\\/de\\\/01-09-2026-werbung-ceragility-visp-21-11-2026\\\/#primaryimage\",\"url\":\"https:\\\/\\\/cerebral-vs.ch\\\/wp-content\\\/uploads\\\/2026\\\/09\\\/IMG_2882-1-scaled.jpeg\",\"contentUrl\":\"https:\\\/\\\/cerebral-vs.ch\\\/wp-content\\\/uploads\\\/2026\\\/09\\\/IMG_2882-1-scaled.jpeg\",\"width\":2560,\"height\":1440},{\"@type\":\"BreadcrumbList\",\"@id\":\"https:\\\/\\\/cerebral-vs.ch\\\/de\\\/01-09-2026-werbung-ceragility-visp-21-11-2026\\\/#breadcrumb\",\"itemListElement\":[{\"@type\":\"ListItem\",\"position\":1,\"name\":\"Accueil\",\"item\":\"https:\\\/\\\/cerebral-vs.ch\\\/de\\\/\"},{\"@type\":\"ListItem\",\"position\":2,\"name\":\"01.09.2026 &#8211; Werbung CerAgility Visp 21.11.2026\"}]},{\"@type\":\"WebSite\",\"@id\":\"https:\\\/\\\/fk2kn2bvmtl.preview.infomaniak.website\\\/#website\",\"url\":\"https:\\\/\\\/fk2kn2bvmtl.preview.infomaniak.website\\\/\",\"name\":\"Cerebral Valais - Association Cerebral Valais\\\/Wallis\",\"description\":\"Cerebral Valais est une association de parents d&#039;enfants IMC qui \u0153uvre \u00e0 la d\u00e9fense de leurs int\u00e9r\u00eats, ainsi qu&#039;\u00e0 une meilleure compr\u00e9hension des diff\u00e9rences, afin que leurs enfants puissent obtenir, malgr\u00e9 leur situation de handicap, une place \u00e0 part enti\u00e8re dans la soci\u00e9t\u00e9.\",\"publisher\":{\"@id\":\"https:\\\/\\\/fk2kn2bvmtl.preview.infomaniak.website\\\/#organization\"},\"potentialAction\":[{\"@type\":\"SearchAction\",\"target\":{\"@type\":\"EntryPoint\",\"urlTemplate\":\"https:\\\/\\\/fk2kn2bvmtl.preview.infomaniak.website\\\/?s={search_term_string}\"},\"query-input\":{\"@type\":\"PropertyValueSpecification\",\"valueRequired\":true,\"valueName\":\"search_term_string\"}}],\"inLanguage\":\"de\"},{\"@type\":\"Organization\",\"@id\":\"https:\\\/\\\/fk2kn2bvmtl.preview.infomaniak.website\\\/#organization\",\"name\":\"Cerebral Valais - Association Cerebral Valais\\\/Wallis\",\"url\":\"https:\\\/\\\/fk2kn2bvmtl.preview.infomaniak.website\\\/\",\"logo\":{\"@type\":\"ImageObject\",\"inLanguage\":\"de\",\"@id\":\"https:\\\/\\\/fk2kn2bvmtl.preview.infomaniak.website\\\/#\\\/schema\\\/logo\\\/image\\\/\",\"url\":\"https:\\\/\\\/cerebral-vs.ch\\\/wp-content\\\/uploads\\\/2022\\\/09\\\/logo_cerebral_minimal.png\",\"contentUrl\":\"https:\\\/\\\/cerebral-vs.ch\\\/wp-content\\\/uploads\\\/2022\\\/09\\\/logo_cerebral_minimal.png\",\"width\":158,\"height\":95,\"caption\":\"Cerebral Valais - Association Cerebral Valais\\\/Wallis\"},\"image\":{\"@id\":\"https:\\\/\\\/fk2kn2bvmtl.preview.infomaniak.website\\\/#\\\/schema\\\/logo\\\/image\\\/\"},\"sameAs\":[\"https:\\\/\\\/fr-fr.facebook.com\\\/cerebralvalais\\\/\"]},{\"@type\":\"Person\",\"@id\":\"https:\\\/\\\/fk2kn2bvmtl.preview.infomaniak.website\\\/#\\\/schema\\\/person\\\/8a3c096f7f850a37079e732e7a377ab6\",\"name\":\"cerebral\",\"image\":{\"@type\":\"ImageObject\",\"inLanguage\":\"de\",\"@id\":\"https:\\\/\\\/secure.gravatar.com\\\/avatar\\\/d9901af343e4afbab418993f4e53fb321949bc089a32561c058d145f4c23e5b9?s=96&d=mm&r=g\",\"url\":\"https:\\\/\\\/secure.gravatar.com\\\/avatar\\\/d9901af343e4afbab418993f4e53fb321949bc089a32561c058d145f4c23e5b9?s=96&d=mm&r=g\",\"contentUrl\":\"https:\\\/\\\/secure.gravatar.com\\\/avatar\\\/d9901af343e4afbab418993f4e53fb321949bc089a32561c058d145f4c23e5b9?s=96&d=mm&r=g\",\"caption\":\"cerebral\"}}]}<\/script>\n<!-- \/ Yoast SEO plugin. -->","yoast_head_json":{"title":"01.09.2026 - Werbung CerAgility Visp 21.11.2026 - Cerebral Valais","robots":{"index":"index","follow":"follow","max-snippet":"max-snippet:-1","max-image-preview":"max-image-preview:large","max-video-preview":"max-video-preview:-1"},"canonical":"https:\/\/cerebral-vs.ch\/de\/01-09-2026-werbung-ceragility-visp-21-11-2026\/","og_locale":"de_DE","og_type":"article","og_title":"01.09.2026 - Werbung CerAgility Visp 21.11.2026 - Cerebral Valais","og_description":"Hallo! Ich freue mich total, dir das CerAgility-Treffen in Visp vom 21. November anzuk\u00fcndigen! Das&hellip;","og_url":"https:\/\/cerebral-vs.ch\/de\/01-09-2026-werbung-ceragility-visp-21-11-2026\/","og_site_name":"Cerebral Valais","article_publisher":"https:\/\/fr-fr.facebook.com\/cerebralvalais\/","article_published_time":"2026-09-01T09:29:24+00:00","article_modified_time":"2026-09-01T09:35:55+00:00","og_image":[{"width":2560,"height":1440,"url":"https:\/\/cerebral-vs.ch\/wp-content\/uploads\/2026\/09\/IMG_2882-1-scaled.jpeg","type":"image\/jpeg"}],"author":"cerebral","twitter_card":"summary_large_image","twitter_misc":{"Verfasst von":"cerebral","Gesch\u00e4tzte Lesezeit":"3\u00a0Minuten"},"schema":{"@context":"https:\/\/schema.org","@graph":[{"@type":"Article","@id":"https:\/\/cerebral-vs.ch\/de\/01-09-2026-werbung-ceragility-visp-21-11-2026\/#article","isPartOf":{"@id":"https:\/\/cerebral-vs.ch\/de\/01-09-2026-werbung-ceragility-visp-21-11-2026\/"},"author":{"name":"cerebral","@id":"https:\/\/fk2kn2bvmtl.preview.infomaniak.website\/#\/schema\/person\/8a3c096f7f850a37079e732e7a377ab6"},"headline":"01.09.2026 &#8211; Werbung CerAgility Visp 21.11.2026","datePublished":"2026-09-01T09:29:24+00:00","dateModified":"2026-09-01T09:35:55+00:00","mainEntityOfPage":{"@id":"https:\/\/cerebral-vs.ch\/de\/01-09-2026-werbung-ceragility-visp-21-11-2026\/"},"wordCount":299,"publisher":{"@id":"https:\/\/fk2kn2bvmtl.preview.infomaniak.website\/#organization"},"image":{"@id":"https:\/\/cerebral-vs.ch\/de\/01-09-2026-werbung-ceragility-visp-21-11-2026\/#primaryimage"},"thumbnailUrl":"https:\/\/cerebral-vs.ch\/wp-content\/uploads\/2026\/09\/IMG_2882-1-scaled.jpeg","articleSection":["Ev\u00e8nements"],"inLanguage":"de"},{"@type":"WebPage","@id":"https:\/\/cerebral-vs.ch\/de\/01-09-2026-werbung-ceragility-visp-21-11-2026\/","url":"https:\/\/cerebral-vs.ch\/de\/01-09-2026-werbung-ceragility-visp-21-11-2026\/","name":"01.09.2026 - Werbung CerAgility Visp 21.11.2026 - Cerebral Valais","isPartOf":{"@id":"https:\/\/fk2kn2bvmtl.preview.infomaniak.website\/#website"},"primaryImageOfPage":{"@id":"https:\/\/cerebral-vs.ch\/de\/01-09-2026-werbung-ceragility-visp-21-11-2026\/#primaryimage"},"image":{"@id":"https:\/\/cerebral-vs.ch\/de\/01-09-2026-werbung-ceragility-visp-21-11-2026\/#primaryimage"},"thumbnailUrl":"https:\/\/cerebral-vs.ch\/wp-content\/uploads\/2026\/09\/IMG_2882-1-scaled.jpeg","datePublished":"2026-09-01T09:29:24+00:00","dateModified":"2026-09-01T09:35:55+00:00","breadcrumb":{"@id":"https:\/\/cerebral-vs.ch\/de\/01-09-2026-werbung-ceragility-visp-21-11-2026\/#breadcrumb"},"inLanguage":"de","potentialAction":[{"@type":"ReadAction","target":["https:\/\/cerebral-vs.ch\/de\/01-09-2026-werbung-ceragility-visp-21-11-2026\/"]}]},{"@type":"ImageObject","inLanguage":"de","@id":"https:\/\/cerebral-vs.ch\/de\/01-09-2026-werbung-ceragility-visp-21-11-2026\/#primaryimage","url":"https:\/\/cerebral-vs.ch\/wp-content\/uploads\/2026\/09\/IMG_2882-1-scaled.jpeg","contentUrl":"https:\/\/cerebral-vs.ch\/wp-content\/uploads\/2026\/09\/IMG_2882-1-scaled.jpeg","width":2560,"height":1440},{"@type":"BreadcrumbList","@id":"https:\/\/cerebral-vs.ch\/de\/01-09-2026-werbung-ceragility-visp-21-11-2026\/#breadcrumb","itemListElement":[{"@type":"ListItem","position":1,"name":"Accueil","item":"https:\/\/cerebral-vs.ch\/de\/"},{"@type":"ListItem","position":2,"name":"01.09.2026 &#8211; Werbung CerAgility Visp 21.11.2026"}]},{"@type":"WebSite","@id":"https:\/\/fk2kn2bvmtl.preview.infomaniak.website\/#website","url":"https:\/\/fk2kn2bvmtl.preview.infomaniak.website\/","name":"Cerebral Valais - Association Cerebral Valais\/Wallis","description":"Cerebral Valais est une association de parents d&#039;enfants IMC qui \u0153uvre \u00e0 la d\u00e9fense de leurs int\u00e9r\u00eats, ainsi qu&#039;\u00e0 une meilleure compr\u00e9hension des diff\u00e9rences, afin que leurs enfants puissent obtenir, malgr\u00e9 leur situation de handicap, une place \u00e0 part enti\u00e8re dans la soci\u00e9t\u00e9.","publisher":{"@id":"https:\/\/fk2kn2bvmtl.preview.infomaniak.website\/#organization"},"potentialAction":[{"@type":"SearchAction","target":{"@type":"EntryPoint","urlTemplate":"https:\/\/fk2kn2bvmtl.preview.infomaniak.website\/?s={search_term_string}"},"query-input":{"@type":"PropertyValueSpecification","valueRequired":true,"valueName":"search_term_string"}}],"inLanguage":"de"},{"@type":"Organization","@id":"https:\/\/fk2kn2bvmtl.preview.infomaniak.website\/#organization","name":"Cerebral Valais - Association Cerebral Valais\/Wallis","url":"https:\/\/fk2kn2bvmtl.preview.infomaniak.website\/","logo":{"@type":"ImageObject","inLanguage":"de","@id":"https:\/\/fk2kn2bvmtl.preview.infomaniak.website\/#\/schema\/logo\/image\/","url":"https:\/\/cerebral-vs.ch\/wp-content\/uploads\/2022\/09\/logo_cerebral_minimal.png","contentUrl":"https:\/\/cerebral-vs.ch\/wp-content\/uploads\/2022\/09\/logo_cerebral_minimal.png","width":158,"height":95,"caption":"Cerebral Valais - Association Cerebral Valais\/Wallis"},"image":{"@id":"https:\/\/fk2kn2bvmtl.preview.infomaniak.website\/#\/schema\/logo\/image\/"},"sameAs":["https:\/\/fr-fr.facebook.com\/cerebralvalais\/"]},{"@type":"Person","@id":"https:\/\/fk2kn2bvmtl.preview.infomaniak.website\/#\/schema\/person\/8a3c096f7f850a37079e732e7a377ab6","name":"cerebral","image":{"@type":"ImageObject","inLanguage":"de","@id":"https:\/\/secure.gravatar.com\/avatar\/d9901af343e4afbab418993f4e53fb321949bc089a32561c058d145f4c23e5b9?s=96&d=mm&r=g","url":"https:\/\/secure.gravatar.com\/avatar\/d9901af343e4afbab418993f4e53fb321949bc089a32561c058d145f4c23e5b9?s=96&d=mm&r=g","contentUrl":"https:\/\/secure.gravatar.com\/avatar\/d9901af343e4afbab418993f4e53fb321949bc089a32561c058d145f4c23e5b9?s=96&d=mm&r=g","caption":"cerebral"}}]}},"_links":{"self":[{"href":"https:\/\/cerebral-vs.ch\/de\/wp-json\/wp\/v2\/posts\/47885","targetHints":{"allow":["GET"]}}],"collection":[{"href":"https:\/\/cerebral-vs.ch\/de\/wp-json\/wp\/v2\/posts"}],"about":[{"href":"https:\/\/cerebral-vs.ch\/de\/wp-json\/wp\/v2\/types\/post"}],"author":[{"embeddable":true,"href":"https:\/\/cerebral-vs.ch\/de\/wp-json\/wp\/v2\/users\/2"}],"replies":[{"embeddable":true,"href":"https:\/\/cerebral-vs.ch\/de\/wp-json\/wp\/v2\/comments?post=47885"}],"version-history":[{"count":4,"href":"https:\/\/cerebral-vs.ch\/de\/wp-json\/wp\/v2\/posts\/47885\/revisions"}],"predecessor-version":[{"id":47889,"href":"https:\/\/cerebral-vs.ch\/de\/wp-json\/wp\/v2\/posts\/47885\/revisions\/47889"}],"wp:featuredmedia":[{"embeddable":true,"href":"https:\/\/cerebral-vs.ch\/de\/wp-json\/wp\/v2\/media\/47872"}],"wp:attachment":[{"href":"https:\/\/cerebral-vs.ch\/de\/wp-json\/wp\/v2\/media?parent=47885"}],"wp:term":[{"taxonomy":"category","embeddable":true,"href":"https:\/\/cerebral-vs.ch\/de\/wp-json\/wp\/v2\/categories?post=47885"},{"taxonomy":"post_tag","embeddable":true,"href":"https:\/\/cerebral-vs.ch\/de\/wp-json\/wp\/v2\/tags?post=47885"}],"curies":[{"name":"wp","href":"https:\/\/api.w.org\/{rel}","templated":true}]}}